{"id":9899,"date":"2025-06-06T14:10:34","date_gmt":"2025-06-06T18:10:34","guid":{"rendered":"https:\/\/infocrep.cssdm.gouv.qc.ca\/enseignants\/?p=9899"},"modified":"2025-06-06T14:12:03","modified_gmt":"2025-06-06T18:12:03","slug":"nomination-de-sandra-emmanuelle-chery-au-poste-de-direction-adjointe-au-crep","status":"publish","type":"post","link":"https:\/\/infocrep.cssdm.gouv.qc.ca\/enseignants\/nomination-de-sandra-emmanuelle-chery-au-poste-de-direction-adjointe-au-crep\/","title":{"rendered":"Erratum &#8211; Nomination de Sandra Emmanuelle Ch\u00e9ry au poste de direction adjointe au CREP"},"content":{"rendered":"<p data-start=\"214\" data-end=\"346\">C\u2019est avec plaisir que nous vous annon\u00e7ons la nomination de <strong data-start=\"274\" data-end=\"301\">Sandra Emmanuelle Ch\u00e9ry<\/strong> au poste de <strong data-start=\"314\" data-end=\"337\">directrice adjointe<\/strong> <strong>au CREP.<\/strong><\/p>\n<p data-start=\"348\" data-end=\"643\">Sandra Emmanuelle n\u2019est pas une inconnue pour notre \u00e9quipe : elle cumule 25 ans d\u2019exp\u00e9rience en enseignement, dont 14 ann\u00e9es au CREP. Nous sommes heureux de pouvoir compter sur sa connaissance des caract\u00e9ristiques de nos \u00e9l\u00e8ves, sur sa connaissance de notre milieu et de ce qu\u2019implique l\u2019enseignement en organisme. Nous lui souhaitons la bienvenue au sein de l\u2019\u00e9quipe de gestion du CREP.<\/p>\n<p data-start=\"348\" data-end=\"643\">F\u00e9licitations, Sandra Emmanuelle!<\/p>\n","protected":false},"excerpt":{"rendered":"<p>C\u2019est avec plaisir que nous vous annon\u00e7ons la nomination de Sandra Emmanuelle Ch\u00e9ry au poste de directrice adjointe au CREP.&hellip;<\/p>\n","protected":false},"author":2,"featured_media":9900,"comment_status":"closed","ping_status":"closed","sticky":false,"template":"","format":"standard","meta":{"footnotes":""},"categories":[23,33],"tags":[],"class_list":["post-9899","post","type-post","status-publish","format-standard","has-post-thumbnail","hentry","category-a-la-une","category-communique"],"_links":{"self":[{"href":"https:\/\/infocrep.cssdm.gouv.qc.ca\/enseignants\/wp-json\/wp\/v2\/posts\/9899","targetHints":{"allow":["GET"]}}],"collection":[{"href":"https:\/\/infocrep.cssdm.gouv.qc.ca\/enseignants\/wp-json\/wp\/v2\/posts"}],"about":[{"href":"https:\/\/infocrep.cssdm.gouv.qc.ca\/enseignants\/wp-json\/wp\/v2\/types\/post"}],"author":[{"embeddable":true,"href":"https:\/\/infocrep.cssdm.gouv.qc.ca\/enseignants\/wp-json\/wp\/v2\/users\/2"}],"replies":[{"embeddable":true,"href":"https:\/\/infocrep.cssdm.gouv.qc.ca\/enseignants\/wp-json\/wp\/v2\/comments?post=9899"}],"version-history":[{"count":3,"href":"https:\/\/infocrep.cssdm.gouv.qc.ca\/enseignants\/wp-json\/wp\/v2\/posts\/9899\/revisions"}],"predecessor-version":[{"id":9903,"href":"https:\/\/infocrep.cssdm.gouv.qc.ca\/enseignants\/wp-json\/wp\/v2\/posts\/9899\/revisions\/9903"}],"wp:featuredmedia":[{"embeddable":true,"href":"https:\/\/infocrep.cssdm.gouv.qc.ca\/enseignants\/wp-json\/wp\/v2\/media\/9900"}],"wp:attachment":[{"href":"https:\/\/infocrep.cssdm.gouv.qc.ca\/enseignants\/wp-json\/wp\/v2\/media?parent=9899"}],"wp:term":[{"taxonomy":"category","embeddable":true,"href":"https:\/\/infocrep.cssdm.gouv.qc.ca\/enseignants\/wp-json\/wp\/v2\/categories?post=9899"},{"taxonomy":"post_tag","embeddable":true,"href":"https:\/\/infocrep.cssdm.gouv.qc.ca\/enseignants\/wp-json\/wp\/v2\/tags?post=9899"}],"curies":[{"name":"wp","href":"https:\/\/api.w.org\/{rel}","templated":true}]}}