{"id":9808,"date":"2025-05-01T14:26:06","date_gmt":"2025-05-01T18:26:06","guid":{"rendered":"https:\/\/infocrep.cssdm.gouv.qc.ca\/enseignants\/?p=9808"},"modified":"2025-05-01T14:26:06","modified_gmt":"2025-05-01T18:26:06","slug":"report-de-vacances","status":"publish","type":"post","link":"https:\/\/infocrep.cssdm.gouv.qc.ca\/enseignants\/report-de-vacances\/","title":{"rendered":"Report de vacances"},"content":{"rendered":"<table width=\"100%\">\n<tbody>\n<tr>\n<td width=\"546\"><strong>Pour le personnel enseignant<\/strong><\/p>\n<p><strong>\u00c9ch\u00e9ance :\u00a0<u>Jusqu\u2019au 23 mai \u00e0 23h59 pour faire suivre votre formulaire<\/u><\/strong><\/p>\n<p>En vertu de l\u2019article 11-10.03 B) B) 1) de l\u2019Entente locale, un(e) enseignant(e) peut travailler dans son centre pendant la session d\u2019\u00e9t\u00e9 pour accumuler du temps \u00e0 \u00eatre r\u00e9cup\u00e9r\u00e9 pendant l\u2019ann\u00e9e scolaire suivante. L\u2019enseignant(e) doit \u00eatre volontaire et doit avoir l\u2019assentiment de sa direction pour le faire.<\/p>\n<p>Pour ce faire, l\u2019enseignant(e) doit en faire la demande \u00e0 sa direction adjointe par \u00e9crit et mettre en copie conforme (CC) l\u2019adresse suivante:\u00a0<span style=\"color: #008080;\">\u00a0<strong><a style=\"color: #008080;\" href=\"mailto:crep@cssdm.gouv.qc.ca%C2%A0\">crep@cssdm.gouv.qc.ca<\/a><\/strong><\/span><a href=\"mailto:crep@cssdm.gouv.qc.ca%C2%A0\">\u00a0<\/a>en remplissant le formulaire plus bas. Sa direction adjointe analysera sa demande en fonction des besoins des \u00e9l\u00e8ves et de nos partenaires. La direction acceptera ensuite le report ou non de vacances et ent\u00e9rinera le moment o\u00f9 s\u2019effectuera la r\u00e9cup\u00e9ration du nombre de jours accomplis durant la session d\u2019\u00e9t\u00e9.<\/p>\n<p><span style=\"color: #008080;\"><strong><a style=\"color: #008080;\" href=\"https:\/\/infocrep.cssdm.gouv.qc.ca\/enseignants\/wp-content\/uploads\/sites\/6\/securepdfs\/2025\/04\/Formulaire-remplissable-a-lecran-report-de-vacances-2025-2026.pdf\">Vous trouverez sur le lien ICI, le formulaire de demande de report de vacances,<\/a><\/strong><\/span>\u00a0vous devez remplir uniquement la section r\u00e9serv\u00e9e aux enseignants.<br \/>\nSeuls les formulaires qui arriveront \u00e0 temps seront trait\u00e9s. Vous avez jusqu\u2019au\u00a0<strong><u>23 mai 2025<\/u><\/strong>\u00a0pour nous transmettre votre formulaire.<\/p>\n<p>Merci de votre pr\u00e9cieuse collaboration.<\/td>\n<\/tr>\n<\/tbody>\n<\/table>\n","protected":false},"excerpt":{"rendered":"<p>Pour le personnel enseignant \u00c9ch\u00e9ance :\u00a0Jusqu\u2019au 23 mai \u00e0 23h59 pour faire suivre votre formulaire En vertu de l\u2019article 11-10.03&hellip;<\/p>\n","protected":false},"author":2,"featured_media":9809,"comment_status":"closed","ping_status":"closed","sticky":false,"template":"","format":"standard","meta":{"footnotes":""},"categories":[23,31],"tags":[],"class_list":["post-9808","post","type-post","status-publish","format-standard","has-post-thumbnail","hentry","category-a-la-une","category-bulletin"],"_links":{"self":[{"href":"https:\/\/infocrep.cssdm.gouv.qc.ca\/enseignants\/wp-json\/wp\/v2\/posts\/9808","targetHints":{"allow":["GET"]}}],"collection":[{"href":"https:\/\/infocrep.cssdm.gouv.qc.ca\/enseignants\/wp-json\/wp\/v2\/posts"}],"about":[{"href":"https:\/\/infocrep.cssdm.gouv.qc.ca\/enseignants\/wp-json\/wp\/v2\/types\/post"}],"author":[{"embeddable":true,"href":"https:\/\/infocrep.cssdm.gouv.qc.ca\/enseignants\/wp-json\/wp\/v2\/users\/2"}],"replies":[{"embeddable":true,"href":"https:\/\/infocrep.cssdm.gouv.qc.ca\/enseignants\/wp-json\/wp\/v2\/comments?post=9808"}],"version-history":[{"count":1,"href":"https:\/\/infocrep.cssdm.gouv.qc.ca\/enseignants\/wp-json\/wp\/v2\/posts\/9808\/revisions"}],"predecessor-version":[{"id":9810,"href":"https:\/\/infocrep.cssdm.gouv.qc.ca\/enseignants\/wp-json\/wp\/v2\/posts\/9808\/revisions\/9810"}],"wp:featuredmedia":[{"embeddable":true,"href":"https:\/\/infocrep.cssdm.gouv.qc.ca\/enseignants\/wp-json\/wp\/v2\/media\/9809"}],"wp:attachment":[{"href":"https:\/\/infocrep.cssdm.gouv.qc.ca\/enseignants\/wp-json\/wp\/v2\/media?parent=9808"}],"wp:term":[{"taxonomy":"category","embeddable":true,"href":"https:\/\/infocrep.cssdm.gouv.qc.ca\/enseignants\/wp-json\/wp\/v2\/categories?post=9808"},{"taxonomy":"post_tag","embeddable":true,"href":"https:\/\/infocrep.cssdm.gouv.qc.ca\/enseignants\/wp-json\/wp\/v2\/tags?post=9808"}],"curies":[{"name":"wp","href":"https:\/\/api.w.org\/{rel}","templated":true}]}}