{"id":9716,"date":"2025-04-14T16:00:25","date_gmt":"2025-04-14T20:00:25","guid":{"rendered":"https:\/\/infocrep.cssdm.gouv.qc.ca\/enseignants\/?p=9716"},"modified":"2025-04-17T16:01:49","modified_gmt":"2025-04-17T20:01:49","slug":"mois-de-lautisme-un-temoignage-a-decouvrir","status":"publish","type":"post","link":"https:\/\/infocrep.cssdm.gouv.qc.ca\/enseignants\/mois-de-lautisme-un-temoignage-a-decouvrir\/","title":{"rendered":"Mois de l\u2019autisme : un t\u00e9moignage \u00e0 d\u00e9couvrir"},"content":{"rendered":"<p>En avril, nous soulignons le Mois de l\u2019autisme en mettant de l\u2019avant l\u2019importance du respect, de l\u2019\u00e9coute et de la compr\u00e9hension. D\u00e9couvrez le t\u00e9moignage impressionnant de Val\u00e9rie-Jessica Laporte, alias Bleuet atypique, qui raconte son cheminement vers une meilleure sant\u00e9 mentale malgr\u00e9 les nombreux obstacles li\u00e9s \u00e0 son autisme.<\/p>\n<p>\ud83d\udc49 <strong>Lire l\u2019article complet :<\/strong><span style=\"color: #008080;\">\u00a0<strong><a style=\"color: #008080;\" href=\"https:\/\/www.itineraire.ca\/tout-un-defi-autiste\/\">Tout un d\u00e9fi pour une autiste<\/a><\/strong><\/span><\/p>\n","protected":false},"excerpt":{"rendered":"<p>En avril, nous soulignons le Mois de l\u2019autisme en mettant de l\u2019avant l\u2019importance du respect, de l\u2019\u00e9coute et de la&hellip;<\/p>\n","protected":false},"author":2,"featured_media":9717,"comment_status":"closed","ping_status":"closed","sticky":false,"template":"","format":"standard","meta":{"footnotes":""},"categories":[23,31],"tags":[],"class_list":["post-9716","post","type-post","status-publish","format-standard","has-post-thumbnail","hentry","category-a-la-une","category-bulletin"],"_links":{"self":[{"href":"https:\/\/infocrep.cssdm.gouv.qc.ca\/enseignants\/wp-json\/wp\/v2\/posts\/9716","targetHints":{"allow":["GET"]}}],"collection":[{"href":"https:\/\/infocrep.cssdm.gouv.qc.ca\/enseignants\/wp-json\/wp\/v2\/posts"}],"about":[{"href":"https:\/\/infocrep.cssdm.gouv.qc.ca\/enseignants\/wp-json\/wp\/v2\/types\/post"}],"author":[{"embeddable":true,"href":"https:\/\/infocrep.cssdm.gouv.qc.ca\/enseignants\/wp-json\/wp\/v2\/users\/2"}],"replies":[{"embeddable":true,"href":"https:\/\/infocrep.cssdm.gouv.qc.ca\/enseignants\/wp-json\/wp\/v2\/comments?post=9716"}],"version-history":[{"count":1,"href":"https:\/\/infocrep.cssdm.gouv.qc.ca\/enseignants\/wp-json\/wp\/v2\/posts\/9716\/revisions"}],"predecessor-version":[{"id":9718,"href":"https:\/\/infocrep.cssdm.gouv.qc.ca\/enseignants\/wp-json\/wp\/v2\/posts\/9716\/revisions\/9718"}],"wp:featuredmedia":[{"embeddable":true,"href":"https:\/\/infocrep.cssdm.gouv.qc.ca\/enseignants\/wp-json\/wp\/v2\/media\/9717"}],"wp:attachment":[{"href":"https:\/\/infocrep.cssdm.gouv.qc.ca\/enseignants\/wp-json\/wp\/v2\/media?parent=9716"}],"wp:term":[{"taxonomy":"category","embeddable":true,"href":"https:\/\/infocrep.cssdm.gouv.qc.ca\/enseignants\/wp-json\/wp\/v2\/categories?post=9716"},{"taxonomy":"post_tag","embeddable":true,"href":"https:\/\/infocrep.cssdm.gouv.qc.ca\/enseignants\/wp-json\/wp\/v2\/tags?post=9716"}],"curies":[{"name":"wp","href":"https:\/\/api.w.org\/{rel}","templated":true}]}}