{"id":9674,"date":"2025-03-27T11:45:38","date_gmt":"2025-03-27T15:45:38","guid":{"rendered":"https:\/\/infocrep.cssdm.gouv.qc.ca\/enseignants\/?p=9674"},"modified":"2025-03-27T11:45:38","modified_gmt":"2025-03-27T15:45:38","slug":"nouveaute-guide-dutilisation-dalloprof-pour-les-milieux-vulnerables","status":"publish","type":"post","link":"https:\/\/infocrep.cssdm.gouv.qc.ca\/enseignants\/nouveaute-guide-dutilisation-dalloprof-pour-les-milieux-vulnerables\/","title":{"rendered":"NOUVEAUT\u00c9! Guide d\u2019utilisation d\u2019Alloprof pour les milieux vuln\u00e9rables"},"content":{"rendered":"<table width=\"100%\">\n<tbody>\n<tr>\n<td>&nbsp;<\/td>\n<\/tr>\n<tr>\n<td>Con\u00e7u en collaboration avec l\u2019Universit\u00e9 de Montr\u00e9al, ce nouvel outil propose des recommandations et strat\u00e9gies concr\u00e8tes pour soutenir le personnel en \u00e9ducation qui \u0153uvre aupr\u00e8s des jeunes issus de divers milieux (d\u00e9favoris\u00e9s, plurilingues, classes sp\u00e9cialis\u00e9es,<strong> formation g\u00e9n\u00e9rale aux adultes<\/strong>). <strong>L\u2019objectif : cerner les besoins sp\u00e9cifiques de ces \u00e9l\u00e8ves et les meilleures pratiques pour les aider gr\u00e2ce \u00e0 l\u2019utilisation d\u2019Alloprof en classe ou \u00e0 la maison.<\/strong><\/p>\n<h4><a href=\"https:\/\/www.alloprof.qc.ca\/fr\/nouvelles\/alloprof-lance-un-guide-pour-soutenir-les-milieux-vulnerables?utm_public=dg-cs-osbl&amp;utm_tactique=infolettre&amp;utm_source=brevo&amp;utm_medium=email&amp;utm_campaign=promo-recherche&amp;utm_content=alloprof-lance-un-guide-pour-soutenir-les-milieux-vulnerables\" target=\"_blank\" rel=\"noopener\"><span style=\"color: #008080;\">Consulter le guide<\/span><\/a><\/h4>\n<\/td>\n<\/tr>\n<\/tbody>\n<\/table>\n","protected":false},"excerpt":{"rendered":"<p>&nbsp; Con\u00e7u en collaboration avec l\u2019Universit\u00e9 de Montr\u00e9al, ce nouvel outil propose des recommandations et strat\u00e9gies concr\u00e8tes pour soutenir le&hellip;<\/p>\n","protected":false},"author":2,"featured_media":9675,"comment_status":"closed","ping_status":"closed","sticky":false,"template":"","format":"standard","meta":{"footnotes":""},"categories":[23,33],"tags":[],"class_list":["post-9674","post","type-post","status-publish","format-standard","has-post-thumbnail","hentry","category-a-la-une","category-communique"],"_links":{"self":[{"href":"https:\/\/infocrep.cssdm.gouv.qc.ca\/enseignants\/wp-json\/wp\/v2\/posts\/9674","targetHints":{"allow":["GET"]}}],"collection":[{"href":"https:\/\/infocrep.cssdm.gouv.qc.ca\/enseignants\/wp-json\/wp\/v2\/posts"}],"about":[{"href":"https:\/\/infocrep.cssdm.gouv.qc.ca\/enseignants\/wp-json\/wp\/v2\/types\/post"}],"author":[{"embeddable":true,"href":"https:\/\/infocrep.cssdm.gouv.qc.ca\/enseignants\/wp-json\/wp\/v2\/users\/2"}],"replies":[{"embeddable":true,"href":"https:\/\/infocrep.cssdm.gouv.qc.ca\/enseignants\/wp-json\/wp\/v2\/comments?post=9674"}],"version-history":[{"count":1,"href":"https:\/\/infocrep.cssdm.gouv.qc.ca\/enseignants\/wp-json\/wp\/v2\/posts\/9674\/revisions"}],"predecessor-version":[{"id":9676,"href":"https:\/\/infocrep.cssdm.gouv.qc.ca\/enseignants\/wp-json\/wp\/v2\/posts\/9674\/revisions\/9676"}],"wp:featuredmedia":[{"embeddable":true,"href":"https:\/\/infocrep.cssdm.gouv.qc.ca\/enseignants\/wp-json\/wp\/v2\/media\/9675"}],"wp:attachment":[{"href":"https:\/\/infocrep.cssdm.gouv.qc.ca\/enseignants\/wp-json\/wp\/v2\/media?parent=9674"}],"wp:term":[{"taxonomy":"category","embeddable":true,"href":"https:\/\/infocrep.cssdm.gouv.qc.ca\/enseignants\/wp-json\/wp\/v2\/categories?post=9674"},{"taxonomy":"post_tag","embeddable":true,"href":"https:\/\/infocrep.cssdm.gouv.qc.ca\/enseignants\/wp-json\/wp\/v2\/tags?post=9674"}],"curies":[{"name":"wp","href":"https:\/\/api.w.org\/{rel}","templated":true}]}}