{"id":9548,"date":"2025-03-20T12:10:27","date_gmt":"2025-03-20T16:10:27","guid":{"rendered":"https:\/\/infocrep.cssdm.gouv.qc.ca\/enseignants\/?p=9548"},"modified":"2025-03-20T12:11:10","modified_gmt":"2025-03-20T16:11:10","slug":"avis-de-deces-8","status":"publish","type":"post","link":"https:\/\/infocrep.cssdm.gouv.qc.ca\/enseignants\/avis-de-deces-8\/","title":{"rendered":"Avis de d\u00e9c\u00e8s"},"content":{"rendered":"<p>C\u2019est avec tristesse que nous avons appris le d\u00e9c\u00e8s du p\u00e8re de\u00a0<strong>Caroline Lanthier,\u00a0<\/strong>enseignante au Centre N A Rive. En ces moments \u00e9prouvants, nous souhaitons lui exprimer toute notre sympathie et notre soutien.<\/p>\n<p>Si vous souhaitez lui transmettre un mot de r\u00e9confort ou lui offrir votre soutien, vous pouvez communiquer avec elle \u00e0 l\u2019adresse suivante\u00a0: \u00a0<span style=\"color: #008080;\"><strong><a style=\"color: #008080;\" href=\"mailto:lanthierc@csdm.qc.ca\">lanthierc@csdm.qc.ca<\/a><\/strong><\/span><\/p>\n<p>Nos pens\u00e9es accompagnent Caroline et sa famille dans cette \u00e9preuve difficile.<\/p>\n<p>Merci de votre bienveillance.<\/p>\n<p>L&rsquo;\u00e9quipe de direction du CREP<\/p>\n","protected":false},"excerpt":{"rendered":"<p>C\u2019est avec tristesse que nous avons appris le d\u00e9c\u00e8s du p\u00e8re de\u00a0Caroline Lanthier,\u00a0enseignante au Centre N A Rive. En ces&hellip;<\/p>\n","protected":false},"author":2,"featured_media":9549,"comment_status":"closed","ping_status":"closed","sticky":false,"template":"","format":"standard","meta":{"footnotes":""},"categories":[23,31],"tags":[],"class_list":["post-9548","post","type-post","status-publish","format-standard","has-post-thumbnail","hentry","category-a-la-une","category-bulletin"],"_links":{"self":[{"href":"https:\/\/infocrep.cssdm.gouv.qc.ca\/enseignants\/wp-json\/wp\/v2\/posts\/9548","targetHints":{"allow":["GET"]}}],"collection":[{"href":"https:\/\/infocrep.cssdm.gouv.qc.ca\/enseignants\/wp-json\/wp\/v2\/posts"}],"about":[{"href":"https:\/\/infocrep.cssdm.gouv.qc.ca\/enseignants\/wp-json\/wp\/v2\/types\/post"}],"author":[{"embeddable":true,"href":"https:\/\/infocrep.cssdm.gouv.qc.ca\/enseignants\/wp-json\/wp\/v2\/users\/2"}],"replies":[{"embeddable":true,"href":"https:\/\/infocrep.cssdm.gouv.qc.ca\/enseignants\/wp-json\/wp\/v2\/comments?post=9548"}],"version-history":[{"count":1,"href":"https:\/\/infocrep.cssdm.gouv.qc.ca\/enseignants\/wp-json\/wp\/v2\/posts\/9548\/revisions"}],"predecessor-version":[{"id":9550,"href":"https:\/\/infocrep.cssdm.gouv.qc.ca\/enseignants\/wp-json\/wp\/v2\/posts\/9548\/revisions\/9550"}],"wp:featuredmedia":[{"embeddable":true,"href":"https:\/\/infocrep.cssdm.gouv.qc.ca\/enseignants\/wp-json\/wp\/v2\/media\/9549"}],"wp:attachment":[{"href":"https:\/\/infocrep.cssdm.gouv.qc.ca\/enseignants\/wp-json\/wp\/v2\/media?parent=9548"}],"wp:term":[{"taxonomy":"category","embeddable":true,"href":"https:\/\/infocrep.cssdm.gouv.qc.ca\/enseignants\/wp-json\/wp\/v2\/categories?post=9548"},{"taxonomy":"post_tag","embeddable":true,"href":"https:\/\/infocrep.cssdm.gouv.qc.ca\/enseignants\/wp-json\/wp\/v2\/tags?post=9548"}],"curies":[{"name":"wp","href":"https:\/\/api.w.org\/{rel}","templated":true}]}}