{"id":954,"date":"2021-10-04T13:46:48","date_gmt":"2021-10-04T17:46:48","guid":{"rendered":"https:\/\/infocrep.cssdm.gouv.qc.ca\/enseignants\/?p=954"},"modified":"2021-11-10T15:48:06","modified_gmt":"2021-11-10T20:48:06","slug":"prise-de-lassiduite-des-eleves-dans-toscanet","status":"publish","type":"post","link":"https:\/\/infocrep.cssdm.gouv.qc.ca\/enseignants\/prise-de-lassiduite-des-eleves-dans-toscanet\/","title":{"rendered":"Prise de l\u2019assiduit\u00e9 des \u00e9l\u00e8ves dans Toscanet"},"content":{"rendered":"<p>Il se peut que votre groupe d\u2019\u00e9l\u00e8ves n\u2019apparaisse pas encore dans\u00a0<strong><a href=\"https:\/\/iclecrep.us14.list-manage.com\/track\/click?u=73b2a01dab12a6b4003a69e3d&amp;id=cb3da295be&amp;e=51104d0114\" target=\"_blank\" rel=\"noopener noreferrer\" data-auth=\"NotApplicable\" data-linkindex=\"13\">Toscanet<\/a><\/strong>. L\u2019\u00e9quipe de l\u2019organisation scolaire est \u00e0 traiter l\u2019information pour l\u2019inscription des \u00e9l\u00e8ves et certains d\u00e9lais peuvent avoir lieu. Si tel est le cas pour votre groupe, vous \u00eates invit\u00e9s \u00e0 colliger les pr\u00e9sences de vos \u00e9l\u00e8ves sur<u><strong>\u00a0l<\/strong><\/u><a href=\"https:\/\/iclecrep.us14.list-manage.com\/track\/click?u=73b2a01dab12a6b4003a69e3d&amp;id=898cad2451&amp;e=51104d0114\" target=\"_blank\" rel=\"noopener noreferrer\" data-auth=\"NotApplicable\" data-linkindex=\"14\"><strong><u><\/u><u>e<\/u>s feuilles Excel qui sont disponibles ici.<\/strong><\/a>\u00a0Vous pourrez par la suite transmettre vos feuilles de pr\u00e9sence \u00e0 l\u2019organisation scolaire \u00e0 l\u2019adresse suivante\u00a0:\u00a0<a href=\"mailto:crep.os@csdm.qc.ca\" target=\"_blank\" rel=\"noopener noreferrer\" data-auth=\"NotApplicable\" data-linkindex=\"15\">crep.os@csdm.qc.ca<\/a>.<\/p>\n","protected":false},"excerpt":{"rendered":"<p>Il se peut que votre groupe d\u2019\u00e9l\u00e8ves n\u2019apparaisse pas encore dans\u00a0Toscanet. L\u2019\u00e9quipe de l\u2019organisation scolaire est \u00e0 traiter l\u2019information pour&hellip;<\/p>\n","protected":false},"author":1,"featured_media":0,"comment_status":"closed","ping_status":"closed","sticky":false,"template":"","format":"standard","meta":{"footnotes":""},"categories":[23,15],"tags":[],"class_list":["post-954","post","type-post","status-publish","format-standard","hentry","category-a-la-une","category-enseignants"],"_links":{"self":[{"href":"https:\/\/infocrep.cssdm.gouv.qc.ca\/enseignants\/wp-json\/wp\/v2\/posts\/954","targetHints":{"allow":["GET"]}}],"collection":[{"href":"https:\/\/infocrep.cssdm.gouv.qc.ca\/enseignants\/wp-json\/wp\/v2\/posts"}],"about":[{"href":"https:\/\/infocrep.cssdm.gouv.qc.ca\/enseignants\/wp-json\/wp\/v2\/types\/post"}],"author":[{"embeddable":true,"href":"https:\/\/infocrep.cssdm.gouv.qc.ca\/enseignants\/wp-json\/wp\/v2\/users\/1"}],"replies":[{"embeddable":true,"href":"https:\/\/infocrep.cssdm.gouv.qc.ca\/enseignants\/wp-json\/wp\/v2\/comments?post=954"}],"version-history":[{"count":1,"href":"https:\/\/infocrep.cssdm.gouv.qc.ca\/enseignants\/wp-json\/wp\/v2\/posts\/954\/revisions"}],"predecessor-version":[{"id":955,"href":"https:\/\/infocrep.cssdm.gouv.qc.ca\/enseignants\/wp-json\/wp\/v2\/posts\/954\/revisions\/955"}],"wp:attachment":[{"href":"https:\/\/infocrep.cssdm.gouv.qc.ca\/enseignants\/wp-json\/wp\/v2\/media?parent=954"}],"wp:term":[{"taxonomy":"category","embeddable":true,"href":"https:\/\/infocrep.cssdm.gouv.qc.ca\/enseignants\/wp-json\/wp\/v2\/categories?post=954"},{"taxonomy":"post_tag","embeddable":true,"href":"https:\/\/infocrep.cssdm.gouv.qc.ca\/enseignants\/wp-json\/wp\/v2\/tags?post=954"}],"curies":[{"name":"wp","href":"https:\/\/api.w.org\/{rel}","templated":true}]}}