{"id":9428,"date":"2025-03-03T10:59:04","date_gmt":"2025-03-03T15:59:04","guid":{"rendered":"https:\/\/infocrep.cssdm.gouv.qc.ca\/enseignants\/?p=9428"},"modified":"2025-03-03T10:59:04","modified_gmt":"2025-03-03T15:59:04","slug":"normes-et-modalites-devaluation-nme","status":"publish","type":"post","link":"https:\/\/infocrep.cssdm.gouv.qc.ca\/enseignants\/normes-et-modalites-devaluation-nme\/","title":{"rendered":"Normes et modalit\u00e9s d\u2019\u00e9valuation (NM\u00c9)"},"content":{"rendered":"<p>Vous trouverez ici la derni\u00e8re version du document <span style=\"color: #008080;\"><a style=\"color: #008080;\" href=\"https:\/\/infocrep.cssdm.gouv.qc.ca\/enseignants\/wp-content\/uploads\/sites\/6\/securepdfs\/2025\/02\/NME-validee-par-les-SE-Janvier-25-.pdf\"><strong>Normes et modalit\u00e9s d\u2019\u00e9valuation (NM\u00c9)<\/strong><\/a>,<\/span> \u00e9labor\u00e9 par les enseignants du comit\u00e9 NM\u00c9. Ce document est disponible\u00a0dans l\u2019<strong>Espace<\/strong>\u00a0<strong>documentation du Portail du CREP<\/strong>, sous l\u2019onglet\u00a0<strong>R\u00e9f\u00e9rences importantes<\/strong>.<\/p>\n<p>Pour toute question, n\u2019h\u00e9sitez pas \u00e0 vous adresser au comit\u00e9.<\/p>\n<p><strong>Direction adjointe:\u00a0<\/strong>Djamila Smail<br \/>\n<strong>Enseignants:\u00a0<\/strong>Jonathan B\u00e9land, Elena Braco, Mofo Tsop Samuel<br \/>\n<strong>Professionnelle:\u00a0<\/strong>Lydia Desrosiers<\/p>\n","protected":false},"excerpt":{"rendered":"<p>Vous trouverez ici la derni\u00e8re version du document Normes et modalit\u00e9s d\u2019\u00e9valuation (NM\u00c9), \u00e9labor\u00e9 par les enseignants du comit\u00e9 NM\u00c9.&hellip;<\/p>\n","protected":false},"author":2,"featured_media":9429,"comment_status":"closed","ping_status":"closed","sticky":false,"template":"","format":"standard","meta":{"footnotes":""},"categories":[23,31],"tags":[],"class_list":["post-9428","post","type-post","status-publish","format-standard","has-post-thumbnail","hentry","category-a-la-une","category-bulletin"],"_links":{"self":[{"href":"https:\/\/infocrep.cssdm.gouv.qc.ca\/enseignants\/wp-json\/wp\/v2\/posts\/9428","targetHints":{"allow":["GET"]}}],"collection":[{"href":"https:\/\/infocrep.cssdm.gouv.qc.ca\/enseignants\/wp-json\/wp\/v2\/posts"}],"about":[{"href":"https:\/\/infocrep.cssdm.gouv.qc.ca\/enseignants\/wp-json\/wp\/v2\/types\/post"}],"author":[{"embeddable":true,"href":"https:\/\/infocrep.cssdm.gouv.qc.ca\/enseignants\/wp-json\/wp\/v2\/users\/2"}],"replies":[{"embeddable":true,"href":"https:\/\/infocrep.cssdm.gouv.qc.ca\/enseignants\/wp-json\/wp\/v2\/comments?post=9428"}],"version-history":[{"count":1,"href":"https:\/\/infocrep.cssdm.gouv.qc.ca\/enseignants\/wp-json\/wp\/v2\/posts\/9428\/revisions"}],"predecessor-version":[{"id":9430,"href":"https:\/\/infocrep.cssdm.gouv.qc.ca\/enseignants\/wp-json\/wp\/v2\/posts\/9428\/revisions\/9430"}],"wp:featuredmedia":[{"embeddable":true,"href":"https:\/\/infocrep.cssdm.gouv.qc.ca\/enseignants\/wp-json\/wp\/v2\/media\/9429"}],"wp:attachment":[{"href":"https:\/\/infocrep.cssdm.gouv.qc.ca\/enseignants\/wp-json\/wp\/v2\/media?parent=9428"}],"wp:term":[{"taxonomy":"category","embeddable":true,"href":"https:\/\/infocrep.cssdm.gouv.qc.ca\/enseignants\/wp-json\/wp\/v2\/categories?post=9428"},{"taxonomy":"post_tag","embeddable":true,"href":"https:\/\/infocrep.cssdm.gouv.qc.ca\/enseignants\/wp-json\/wp\/v2\/tags?post=9428"}],"curies":[{"name":"wp","href":"https:\/\/api.w.org\/{rel}","templated":true}]}}