{"id":9398,"date":"2025-02-28T10:35:27","date_gmt":"2025-02-28T15:35:27","guid":{"rendered":"https:\/\/infocrep.cssdm.gouv.qc.ca\/enseignants\/?p=9398"},"modified":"2025-02-28T10:40:06","modified_gmt":"2025-02-28T15:40:06","slug":"journee-pedagogique-du-lundi-3-mars","status":"publish","type":"post","link":"https:\/\/infocrep.cssdm.gouv.qc.ca\/enseignants\/journee-pedagogique-du-lundi-3-mars\/","title":{"rendered":"Journ\u00e9e p\u00e9dagogique du lundi 3 mars"},"content":{"rendered":"<p><strong>Ordre du jour\u00a0<\/strong><\/p>\n<p><strong>8 h 45<\/strong>\u00a0\u2013 Mot de la direction<br \/>\n<strong>9 h 00<\/strong>\u00a0\u2013 Comit\u00e9 de pilotage : proposition d\u2019autoformation (<strong>Julie Caron<\/strong>)<br \/>\n<strong>D\u00e8s 9 h 30<\/strong>\u00a0\u2013 Travail professionnel<br \/>\n<strong>11 h 30<\/strong>\u00a0\u2013 D\u00eener\u00a0<em>(durant l\u2019heure du d\u00eener, l\u2019\u00e9quipe du CPEPE tiendra une consultation syndicale)<\/em><br \/>\n<strong>15 h 30<\/strong>\u00a0\u2013 Fin de la journ\u00e9e<\/p>\n<p><span style=\"color: #ff0000;\"><strong>Rappel important<\/strong><\/span><br \/>\nTous les\u00a0<strong>enseignants r\u00e9guliers et \u00e0 contrat<\/strong>\u00a0doivent \u00eatre connect\u00e9s en ligne d\u00e8s\u00a0<strong>8 h 45<\/strong>\u00a0pour l\u2019accueil de la direction et la pr\u00e9sentation du\u00a0<strong>comit\u00e9 de pilotage<\/strong>.<\/p>\n<p><strong>Merci d\u2019ouvrir votre Teams et de consulter vos courriels<\/strong>\u00a0tout au long de cette journ\u00e9e p\u00e9dagogique \u00e0 distance afin de\u00a0<strong>faciliter le travail d\u2019\u00e9quipe et les \u00e9changes<\/strong><\/p>\n","protected":false},"excerpt":{"rendered":"<p>Ordre du jour\u00a0 8 h 45\u00a0\u2013 Mot de la direction 9 h 00\u00a0\u2013 Comit\u00e9 de pilotage : proposition d\u2019autoformation (Julie&hellip;<\/p>\n","protected":false},"author":2,"featured_media":9399,"comment_status":"closed","ping_status":"closed","sticky":false,"template":"","format":"standard","meta":{"footnotes":""},"categories":[23,31],"tags":[],"class_list":["post-9398","post","type-post","status-publish","format-standard","has-post-thumbnail","hentry","category-a-la-une","category-bulletin"],"_links":{"self":[{"href":"https:\/\/infocrep.cssdm.gouv.qc.ca\/enseignants\/wp-json\/wp\/v2\/posts\/9398","targetHints":{"allow":["GET"]}}],"collection":[{"href":"https:\/\/infocrep.cssdm.gouv.qc.ca\/enseignants\/wp-json\/wp\/v2\/posts"}],"about":[{"href":"https:\/\/infocrep.cssdm.gouv.qc.ca\/enseignants\/wp-json\/wp\/v2\/types\/post"}],"author":[{"embeddable":true,"href":"https:\/\/infocrep.cssdm.gouv.qc.ca\/enseignants\/wp-json\/wp\/v2\/users\/2"}],"replies":[{"embeddable":true,"href":"https:\/\/infocrep.cssdm.gouv.qc.ca\/enseignants\/wp-json\/wp\/v2\/comments?post=9398"}],"version-history":[{"count":1,"href":"https:\/\/infocrep.cssdm.gouv.qc.ca\/enseignants\/wp-json\/wp\/v2\/posts\/9398\/revisions"}],"predecessor-version":[{"id":9400,"href":"https:\/\/infocrep.cssdm.gouv.qc.ca\/enseignants\/wp-json\/wp\/v2\/posts\/9398\/revisions\/9400"}],"wp:featuredmedia":[{"embeddable":true,"href":"https:\/\/infocrep.cssdm.gouv.qc.ca\/enseignants\/wp-json\/wp\/v2\/media\/9399"}],"wp:attachment":[{"href":"https:\/\/infocrep.cssdm.gouv.qc.ca\/enseignants\/wp-json\/wp\/v2\/media?parent=9398"}],"wp:term":[{"taxonomy":"category","embeddable":true,"href":"https:\/\/infocrep.cssdm.gouv.qc.ca\/enseignants\/wp-json\/wp\/v2\/categories?post=9398"},{"taxonomy":"post_tag","embeddable":true,"href":"https:\/\/infocrep.cssdm.gouv.qc.ca\/enseignants\/wp-json\/wp\/v2\/tags?post=9398"}],"curies":[{"name":"wp","href":"https:\/\/api.w.org\/{rel}","templated":true}]}}