{"id":9324,"date":"2025-02-12T08:52:52","date_gmt":"2025-02-12T13:52:52","guid":{"rendered":"https:\/\/infocrep.cssdm.gouv.qc.ca\/enseignants\/?p=9324"},"modified":"2025-02-12T08:52:52","modified_gmt":"2025-02-12T13:52:52","slug":"9324-2","status":"publish","type":"post","link":"https:\/\/infocrep.cssdm.gouv.qc.ca\/enseignants\/9324-2\/","title":{"rendered":""},"content":{"rendered":"<p><strong>Collecte de donn\u00e9es de la mi-ann\u00e9e\u00a0: Projet \u00e9ducatif du CREP<\/strong><\/p>\n<p>Comme d\u00e9termin\u00e9 dans le calendrier du Projet \u00e9ducatif, une collecte de mi-ann\u00e9e est pr\u00e9vue dans l&rsquo;objectif de v\u00e9rifier si les moyens mis en place r\u00e9pondent aux besoins de nos \u00e9l\u00e8ves. Pour ce faire, tous les enseignants sont appel\u00e9s \u00e0 remplir le questionnaire suivant\u00a0se trouvant dans Moodle:<\/p>\n<ul>\n<li><strong><a href=\"https:\/\/moodlecrep.cssdm.gouv.qc.ca\/mod\/questionnaire\/view.php?id=17117\">Collecte de donn\u00e9es mi-ann\u00e9e 2025 &#8211; Atteinte des objectifs des \u00e9l\u00e8ves<\/a><\/strong><\/li>\n<\/ul>\n<p>Veuillez prendre le temps de bien lire les libell\u00e9s des questions, des mises \u00e0 jour ont \u00e9t\u00e9 r\u00e9alis\u00e9es par le Comit\u00e9 de pilotage du Projet \u00e9ducatif afin de rendre les questions plus explicites.<\/p>\n<p><strong>Vous avez jusqu\u2019au lundi 3 mars inclusivement pour remplir le questionnaire.<\/strong>\u00a0N\u2019h\u00e9sitez pas \u00e0 communiquer avec les conseillers p\u00e9dagogiques si vous avez des questions.<\/p>\n","protected":false},"excerpt":{"rendered":"<p>Collecte de donn\u00e9es de la mi-ann\u00e9e\u00a0: Projet \u00e9ducatif du CREP Comme d\u00e9termin\u00e9 dans le calendrier du Projet \u00e9ducatif, une collecte&hellip;<\/p>\n","protected":false},"author":2,"featured_media":9325,"comment_status":"closed","ping_status":"closed","sticky":false,"template":"","format":"standard","meta":{"footnotes":""},"categories":[23,31],"tags":[],"class_list":["post-9324","post","type-post","status-publish","format-standard","has-post-thumbnail","hentry","category-a-la-une","category-bulletin"],"_links":{"self":[{"href":"https:\/\/infocrep.cssdm.gouv.qc.ca\/enseignants\/wp-json\/wp\/v2\/posts\/9324","targetHints":{"allow":["GET"]}}],"collection":[{"href":"https:\/\/infocrep.cssdm.gouv.qc.ca\/enseignants\/wp-json\/wp\/v2\/posts"}],"about":[{"href":"https:\/\/infocrep.cssdm.gouv.qc.ca\/enseignants\/wp-json\/wp\/v2\/types\/post"}],"author":[{"embeddable":true,"href":"https:\/\/infocrep.cssdm.gouv.qc.ca\/enseignants\/wp-json\/wp\/v2\/users\/2"}],"replies":[{"embeddable":true,"href":"https:\/\/infocrep.cssdm.gouv.qc.ca\/enseignants\/wp-json\/wp\/v2\/comments?post=9324"}],"version-history":[{"count":1,"href":"https:\/\/infocrep.cssdm.gouv.qc.ca\/enseignants\/wp-json\/wp\/v2\/posts\/9324\/revisions"}],"predecessor-version":[{"id":9326,"href":"https:\/\/infocrep.cssdm.gouv.qc.ca\/enseignants\/wp-json\/wp\/v2\/posts\/9324\/revisions\/9326"}],"wp:featuredmedia":[{"embeddable":true,"href":"https:\/\/infocrep.cssdm.gouv.qc.ca\/enseignants\/wp-json\/wp\/v2\/media\/9325"}],"wp:attachment":[{"href":"https:\/\/infocrep.cssdm.gouv.qc.ca\/enseignants\/wp-json\/wp\/v2\/media?parent=9324"}],"wp:term":[{"taxonomy":"category","embeddable":true,"href":"https:\/\/infocrep.cssdm.gouv.qc.ca\/enseignants\/wp-json\/wp\/v2\/categories?post=9324"},{"taxonomy":"post_tag","embeddable":true,"href":"https:\/\/infocrep.cssdm.gouv.qc.ca\/enseignants\/wp-json\/wp\/v2\/tags?post=9324"}],"curies":[{"name":"wp","href":"https:\/\/api.w.org\/{rel}","templated":true}]}}