{"id":9210,"date":"2025-01-17T15:02:28","date_gmt":"2025-01-17T20:02:28","guid":{"rendered":"https:\/\/infocrep.cssdm.gouv.qc.ca\/enseignants\/?p=9210"},"modified":"2025-01-17T15:03:31","modified_gmt":"2025-01-17T20:03:31","slug":"evenements-pour-favoriser-lintegration-des-nouveaux-arrivants","status":"publish","type":"post","link":"https:\/\/infocrep.cssdm.gouv.qc.ca\/enseignants\/evenements-pour-favoriser-lintegration-des-nouveaux-arrivants\/","title":{"rendered":"\u00c9v\u00e9nements: pour favoriser l\u2019int\u00e9gration des nouveaux arrivants"},"content":{"rendered":"<p>Nous avons le plaisir de vous partager notre calendrier annuel des \u00e9v\u00e9nements pour l&rsquo;ann\u00e9e 2025. Ces \u00e9v\u00e9nements sont con\u00e7us pour favoriser l\u2019int\u00e9gration des nouveaux arrivants en leur offrant des opportunit\u00e9s de r\u00e9seautage, de d\u00e9veloppement professionnel et d\u2019immersion dans la culture qu\u00e9b\u00e9coise.<\/p>\n<p><strong><u>Voici un aper\u00e7u des \u00e9v\u00e9nements \u00e0 venir pour l\u2019ann\u00e9e 2025, que nous vous invitons \u00e0 partager avec vos \u00e9l\u00e8ves :<\/u><\/strong><\/p>\n<p><span style=\"color: #008080;\"><strong>R\u00e9seautage gratuit des nouveaux arrivants au Monument National <a style=\"color: #008080;\" href=\"https:\/\/www.zeffy.com\/fr-CA\/ticketing\/reseautage-des-nouveaux-arrivants\" target=\"_blank\" rel=\"noopener\">(inscrivez vous ici)<\/a><\/strong><\/span><\/p>\n<p>Ces \u00e9v\u00e9nements de r\u00e9seautage permettront aux nouveaux arrivants, travailleur temporaire, PVTiste, \u00e9tudiant international, r\u00e9sident permanent ou conjoint(e) de travailleur, d\u2019\u00e9largir leur r\u00e9seau, d\u2019\u00e9changer avec des b\u00e9n\u00e9voles et des professionnels, et de trouver les ressources adapt\u00e9es \u00e0 leurs besoins.<\/p>\n<ul>\n<li><strong>Mercredi 29 janvier 2025\u00a0<\/strong><\/li>\n<li><strong>Jeudi 9 avril 2025<\/strong><\/li>\n<li><strong>Mercredi 24 septembre 2025<\/strong><\/li>\n<\/ul>\n<p><span style=\"color: #008080;\"><a style=\"color: #008080;\" href=\"https:\/\/salonimmigration.com\/\" target=\"_blank\" rel=\"noopener\"><strong>Salon de l&rsquo;immigration et de l\u2019int\u00e9gration au Qu\u00e9bec (cliquez ici pour acc\u00e9der au site)<\/strong><\/a><\/span><\/p>\n<p>Ce salon est une occasion unique pour les nouveaux arrivants de rencontrer divers acteurs du milieu de l\u2019immigration, d\u00e9couvrir des services d\u2019int\u00e9gration, et participer \u00e0 des ateliers interactifs, des conf\u00e9rences, de rencontrer des experts en employabilit\u00e9, des conseillers en immigration, ainsi que des ressources essentielles \u00e0 leur parcours d&rsquo;int\u00e9gration.<\/p>\n<p><strong><u>\u00c9dition printemps 2025<\/u><\/strong><\/p>\n<ul>\n<li><strong>Mercredi 14 et jeudi 15 mai 2025<\/strong><\/li>\n<\/ul>\n<p><strong><u>\u00c9dition automne 2025<\/u><\/strong><\/p>\n<ul>\n<li><strong>Lundi 29 et mardi 30 octobre 2025<\/strong>\u00a0au Palais des congr\u00e8s<\/li>\n<\/ul>\n<p>Nous vous encourageons vivement \u00e0 partager ces informations avec vos \u00e9l\u00e8ves. Si certains \u00e9v\u00e9nements vous int\u00e9ressent particuli\u00e8rement ou si vous avez des questions, n\u2019h\u00e9sitez pas \u00e0 nous contacter pour plus d\u2019informations.<\/p>\n<p>Nous sommes impatients de vous accueillir lors de nos \u00e9v\u00e9nements tout au long de l&rsquo;ann\u00e9e 2025.<\/p>\n<p>&nbsp;<\/p>\n<p><strong>B\u00e9reng\u00e8re Lequien<\/strong><br \/>\n<strong>Directrice des \u00e9v\u00e9nements<\/strong><br \/>\n<strong>IMMIGRANT QU\u00c9BEC<\/strong><\/p>\n<p>115 rue Prince-Arthur Est. Montr\u00e9al (QC) H2X 1B5<\/p>\n<p><a href=\"mailto:berengere.lequien@immigrantquebec.com\">berengere.lequien@immigrantquebec.com<\/a> \u00a0l\u00a0 +1\u00a0514-629-0766<\/p>\n<p><a href=\"http:\/\/www.immigrantquebec.com\/\">immigrantquebec.com<\/a>\u00a0l\u00a0<a href=\"http:\/\/www.salonimmigration.com\/\">salonimmigration.com<\/a>\u00a0l\u00a0<a href=\"https:\/\/immigrantquebecpro.com\/fr\">immigrantquebecpro.com<\/a>\u00a0l\u00a0<a href=\"https:\/\/sommet-immigration.com\/\">sommet-immigration.com<\/a>\u00a0l\u00a0<a href=\"http:\/\/www.infotetquebec.com\/\">infotetquebec.com<\/a><\/p>\n<p>&nbsp;<\/p>\n","protected":false},"excerpt":{"rendered":"<p>Nous avons le plaisir de vous partager notre calendrier annuel des \u00e9v\u00e9nements pour l&rsquo;ann\u00e9e 2025. Ces \u00e9v\u00e9nements sont con\u00e7us pour&hellip;<\/p>\n","protected":false},"author":2,"featured_media":9211,"comment_status":"closed","ping_status":"closed","sticky":false,"template":"","format":"standard","meta":{"footnotes":""},"categories":[23,33],"tags":[],"class_list":["post-9210","post","type-post","status-publish","format-standard","has-post-thumbnail","hentry","category-a-la-une","category-communique"],"_links":{"self":[{"href":"https:\/\/infocrep.cssdm.gouv.qc.ca\/enseignants\/wp-json\/wp\/v2\/posts\/9210","targetHints":{"allow":["GET"]}}],"collection":[{"href":"https:\/\/infocrep.cssdm.gouv.qc.ca\/enseignants\/wp-json\/wp\/v2\/posts"}],"about":[{"href":"https:\/\/infocrep.cssdm.gouv.qc.ca\/enseignants\/wp-json\/wp\/v2\/types\/post"}],"author":[{"embeddable":true,"href":"https:\/\/infocrep.cssdm.gouv.qc.ca\/enseignants\/wp-json\/wp\/v2\/users\/2"}],"replies":[{"embeddable":true,"href":"https:\/\/infocrep.cssdm.gouv.qc.ca\/enseignants\/wp-json\/wp\/v2\/comments?post=9210"}],"version-history":[{"count":2,"href":"https:\/\/infocrep.cssdm.gouv.qc.ca\/enseignants\/wp-json\/wp\/v2\/posts\/9210\/revisions"}],"predecessor-version":[{"id":9213,"href":"https:\/\/infocrep.cssdm.gouv.qc.ca\/enseignants\/wp-json\/wp\/v2\/posts\/9210\/revisions\/9213"}],"wp:featuredmedia":[{"embeddable":true,"href":"https:\/\/infocrep.cssdm.gouv.qc.ca\/enseignants\/wp-json\/wp\/v2\/media\/9211"}],"wp:attachment":[{"href":"https:\/\/infocrep.cssdm.gouv.qc.ca\/enseignants\/wp-json\/wp\/v2\/media?parent=9210"}],"wp:term":[{"taxonomy":"category","embeddable":true,"href":"https:\/\/infocrep.cssdm.gouv.qc.ca\/enseignants\/wp-json\/wp\/v2\/categories?post=9210"},{"taxonomy":"post_tag","embeddable":true,"href":"https:\/\/infocrep.cssdm.gouv.qc.ca\/enseignants\/wp-json\/wp\/v2\/tags?post=9210"}],"curies":[{"name":"wp","href":"https:\/\/api.w.org\/{rel}","templated":true}]}}