{"id":9181,"date":"2025-01-10T10:27:18","date_gmt":"2025-01-10T15:27:18","guid":{"rendered":"https:\/\/infocrep.cssdm.gouv.qc.ca\/enseignants\/?p=9181"},"modified":"2025-02-10T08:49:34","modified_gmt":"2025-02-10T13:49:34","slug":"eleves-artistes-recherches-exposition-fgarts-a-lecomusee","status":"publish","type":"post","link":"https:\/\/infocrep.cssdm.gouv.qc.ca\/enseignants\/eleves-artistes-recherches-exposition-fgarts-a-lecomusee\/","title":{"rendered":"\u00c9l\u00e8ves artistes recherch\u00e9s : exposition FGArts \u00e0 l\u2019\u00c9comus\u00e9e"},"content":{"rendered":"<p>L\u2019exposition de la FGA \u00e0 l\u2019\u00c9comus\u00e9e du fier monde, c\u2019est l\u2019occasion pour tous les \u00e9l\u00e8ves des centres FGA du CSSDM de faire rayonner leurs talents \u00e0 travers une exposition ouverte au public qui rassemble une belle communaut\u00e9.<\/p>\n<p>Parlez-en \u00e0 votre groupe d\u2019\u00e9l\u00e8ves rapidement!\u00a0<strong>Vous avez jusqu\u2019au mardi 11 f\u00e9vrier pour transmettre les photos des \u0153uvres qui seront soumises au comit\u00e9 de s\u00e9lection.<\/strong><\/p>\n<p><strong>Comment participer<\/strong><\/p>\n<p>Voici la marche \u00e0 suivre\u00a0:<\/p>\n<ul>\n<li>Transmettez \u00e0\u00a0<strong>Anick Gagnon<\/strong>\u00a0une photo de chaque \u0153uvre en l\u2019enregistrant la photo au nom de l\u2019artiste \u00e0 l\u2019adresse suivante :\u00a0<span style=\"color: #008080;\"><strong><a style=\"color: #008080;\" href=\"mailto:gagnon.ani@csdm.qc.ca\">gagnon.ani@csdm.qc.ca<\/a><\/strong><\/span><strong>.<\/strong>\u00a0<strong>Vous avez jusqu\u2019au mardi, 11 f\u00e9vrier pour transmettre les photos des \u0153uvres.<\/strong><\/li>\n<\/ul>\n<ul>\n<li style=\"list-style-type: none;\">\n<ul>\n<li>Si votre envoi de photos est trop volumineux, veuillez<strong>\u00a0faire suivre les photos des \u0153uvres\u00a0<\/strong>par Wetransfer\u00a0:<span style=\"color: #008080;\">\u00a0<\/span><strong><a href=\"https:\/\/wetransfer.com\/\"><span style=\"color: #008080;\">https:\/\/wetransfer.com\/\u00a0<\/span>\u00a0<\/a><\/strong>ou en partageant un lien vers votre OneDrive. N\u2019h\u00e9sitez pas \u00e0 communiquer avec Anick si vous avez besoin d\u2019aide.<\/li>\n<\/ul>\n<\/li>\n<\/ul>\n<ul>\n<li>Il vous est demand\u00e9 de soumettre un maximum de 10 \u0153uvres par organisme. Pour les organismes qui ont beaucoup d\u2019\u0153uvres \u00e0 soumettre, il est demand\u00e9 de choisir une \u0153uvre par \u00e9l\u00e8ve.<\/li>\n<\/ul>\n<ul>\n<li>Veuillez privil\u00e9gier les \u0153uvres collectives.<\/li>\n<\/ul>\n<ul>\n<li><strong>Vous recevrez un courriel, le lundi 17 f\u00e9vrier, pour vous informer des \u0153uvres retenues pour la s\u00e9lection finale de l\u2019exposition.<\/strong><\/li>\n<\/ul>\n<ul>\n<li>Il vous est \u00e9galement demand\u00e9 de <strong>faire suivre<\/strong>\u00a0<strong>l\u2019identification des \u0153uvres de vos \u00e9l\u00e8ves en format Word \u00e0 Anick (une identification par \u0153uvre par \u00e9l\u00e8ve) au plus tard, le mardi 11 f\u00e9vrier.<\/strong><\/li>\n<\/ul>\n<ul>\n<li style=\"list-style-type: none;\">\n<ul>\n<li><a href=\"https:\/\/infocrep.cssdm.gouv.qc.ca\/wp-content\/uploads\/2025\/02\/IDENTIFICATION-OEUVRES.docx\" target=\"_blank\" rel=\"noopener\"><span style=\"color: #008080;\"><strong><u>T\u00e9l\u00e9chargez le document d\u2019identification des \u0153uvres ici.<\/u><\/strong><\/span><\/a><\/li>\n<\/ul>\n<\/li>\n<\/ul>\n<ul>\n<li><strong>Les \u0153uvres doivent \u00eatre encadr\u00e9es et emball\u00e9es pour le transport<\/strong>\u00a0vers le centre William-Hingston o\u00f9 se d\u00e9roulera la s\u00e9lection finale pour l\u2019exposition.<strong>\u00a0Le syst\u00e8me d\u2019accrochage des \u0153uvres doit \u00eatre fonctionnel pour un fini professionnel. Une identification de l\u2019\u0153uvre doit se retrouver coll\u00e9e au dos de l\u2019\u0153uvre et une autre sur l\u2019emballage de transport de l\u2019\u0153uvre. Veuillez utiliser le document ci-haut pour proc\u00e9der. <\/strong><span style=\"color: #008080;\"><strong><a style=\"color: #008080;\" href=\"https:\/\/infocrep.cssdm.gouv.qc.ca\/enseignants\/wp-content\/uploads\/sites\/6\/securepdfs\/2025\/01\/Criteres-de-selection-des-oeuvres-pour-l.pdf\">Cliquez ici pour acc\u00e9der aux crit\u00e8res de s\u00e9lection des \u0153uvres<\/a><\/strong><\/span><strong> qui seront\u00a0 soumises au comit\u00e9 de s\u00e9lection finale.<\/strong><\/li>\n<\/ul>\n<ul>\n<li><strong>Il vous est demand\u00e9 de venir d\u00e9poser les \u0153uvres au centre William-Hingston, <u>le vendredi\u00a021 f\u00e9vrier en matin\u00e9e<\/u><\/strong>. Il est possible de d\u00e9poser les \u0153uvres \u00e0 un autre moment entre le 17 et le 21 f\u00e9vrier. Veuillez communiquer avec Anick si cela vous convient davantage.<\/li>\n<\/ul>\n<ul>\n<li style=\"list-style-type: none;\">\n<ul>\n<li>Centre William-Hingston, 419, rue St-Roch, 2e \u00e9tage (pr\u00e8s du m\u00e9tro Parc).\u00a0<strong>D\u00e9p\u00f4t des \u0153uvres au local 215.<\/strong><\/li>\n<\/ul>\n<\/li>\n<\/ul>\n<ul>\n<li>Veuillez <strong>remettre les acceptations de non-responsabilit\u00e9 de vos \u00e9l\u00e8ves,<\/strong>\u00a0<strong>le vendredi 21 f\u00e9vrier, lors du d\u00e9p\u00f4t des \u0153uvres au centre William-Hingston<\/strong>\u00a0(si vous d\u00e9posez les \u0153uvres \u00e0 un autre moment, veuillez ins\u00e9rer ces documents dans une enveloppe \u00e0 l\u2019int\u00e9rieur d\u2019un sac d\u2019\u0153uvres).<\/li>\n<\/ul>\n<ul>\n<li style=\"list-style-type: none;\">\n<ul>\n<li><span style=\"color: #008080;\"><strong><u><a style=\"color: #008080;\" href=\"https:\/\/infocrep.cssdm.gouv.qc.ca\/wp-content\/uploads\/2025\/01\/Non-responsabilite_2025.pdf\">Cliquez ici pour t\u00e9l\u00e9charger le Formulaire de non-responsabilit\u00e9.<\/a><\/u><\/strong><\/span><\/li>\n<\/ul>\n<\/li>\n<\/ul>\n<ul>\n<li><strong>L\u2019exposition \u00e0 l\u2019\u00c9comus\u00e9e se d\u00e9roulera du 26 mars au 13 avril 2025.<\/strong> Les \u00e9l\u00e8ves exposants seront invit\u00e9s au <strong>vernissage qui aura lieu le mercredi 26 mars<\/strong> <strong>\u00e0 10h30. <\/strong>Ils auront droit \u00e0 5 billets pour visiter l\u2019exposition les samedis et dimanches.<\/li>\n<\/ul>\n<p><strong>Merci d\u2019aider \u00e0 faire rayonner le talent de vos \u00e9l\u00e8ves! N\u2019h\u00e9sitez pas \u00e0 \u00e9crire \u00e0\u00a0<\/strong><span style=\"color: #008080;\"><strong><a style=\"color: #008080;\" href=\"mailto:gagnon.ani@csdm.qc.ca\">Anick Gagnon<\/a><\/strong><strong>\u00a0<\/strong><\/span><strong>si vous avez des questions.<\/strong><\/p>\n","protected":false},"excerpt":{"rendered":"<p>L\u2019exposition de la FGA \u00e0 l\u2019\u00c9comus\u00e9e du fier monde, c\u2019est l\u2019occasion pour tous les \u00e9l\u00e8ves des centres FGA du CSSDM&hellip;<\/p>\n","protected":false},"author":2,"featured_media":9182,"comment_status":"closed","ping_status":"closed","sticky":false,"template":"","format":"standard","meta":{"footnotes":""},"categories":[23,33],"tags":[],"class_list":["post-9181","post","type-post","status-publish","format-standard","has-post-thumbnail","hentry","category-a-la-une","category-communique"],"_links":{"self":[{"href":"https:\/\/infocrep.cssdm.gouv.qc.ca\/enseignants\/wp-json\/wp\/v2\/posts\/9181","targetHints":{"allow":["GET"]}}],"collection":[{"href":"https:\/\/infocrep.cssdm.gouv.qc.ca\/enseignants\/wp-json\/wp\/v2\/posts"}],"about":[{"href":"https:\/\/infocrep.cssdm.gouv.qc.ca\/enseignants\/wp-json\/wp\/v2\/types\/post"}],"author":[{"embeddable":true,"href":"https:\/\/infocrep.cssdm.gouv.qc.ca\/enseignants\/wp-json\/wp\/v2\/users\/2"}],"replies":[{"embeddable":true,"href":"https:\/\/infocrep.cssdm.gouv.qc.ca\/enseignants\/wp-json\/wp\/v2\/comments?post=9181"}],"version-history":[{"count":3,"href":"https:\/\/infocrep.cssdm.gouv.qc.ca\/enseignants\/wp-json\/wp\/v2\/posts\/9181\/revisions"}],"predecessor-version":[{"id":9295,"href":"https:\/\/infocrep.cssdm.gouv.qc.ca\/enseignants\/wp-json\/wp\/v2\/posts\/9181\/revisions\/9295"}],"wp:featuredmedia":[{"embeddable":true,"href":"https:\/\/infocrep.cssdm.gouv.qc.ca\/enseignants\/wp-json\/wp\/v2\/media\/9182"}],"wp:attachment":[{"href":"https:\/\/infocrep.cssdm.gouv.qc.ca\/enseignants\/wp-json\/wp\/v2\/media?parent=9181"}],"wp:term":[{"taxonomy":"category","embeddable":true,"href":"https:\/\/infocrep.cssdm.gouv.qc.ca\/enseignants\/wp-json\/wp\/v2\/categories?post=9181"},{"taxonomy":"post_tag","embeddable":true,"href":"https:\/\/infocrep.cssdm.gouv.qc.ca\/enseignants\/wp-json\/wp\/v2\/tags?post=9181"}],"curies":[{"name":"wp","href":"https:\/\/api.w.org\/{rel}","templated":true}]}}