{"id":9070,"date":"2024-12-18T13:22:11","date_gmt":"2024-12-18T18:22:11","guid":{"rendered":"https:\/\/infocrep.cssdm.gouv.qc.ca\/enseignants\/?p=9070"},"modified":"2024-12-19T13:47:48","modified_gmt":"2024-12-19T18:47:48","slug":"journee-pedagogique-du-6-janvier","status":"publish","type":"post","link":"https:\/\/infocrep.cssdm.gouv.qc.ca\/enseignants\/journee-pedagogique-du-6-janvier\/","title":{"rendered":"Journ\u00e9e p\u00e9dagogique du 6 janvier"},"content":{"rendered":"<p>Le lundi 6 janvier est destin\u00e9 \u00e0 du travail professionnel au lieu de votre choix. Merci de consulter votre Teams et votre boite courriel afin de faciliter le travail de collaboration. L\u2019horaire de la journ\u00e9e est de 8h30 \u00e0 15h30.<\/p>\n<p><strong><br \/>\n<span style=\"color: #ff0000;\"><em>*Tel que pr\u00e9cis\u00e9 en d\u00e9but d\u2019ann\u00e9e, les enseignants \u00e0 taux horaire ne sont pas en prestation de travail lors des journ\u00e9es p\u00e9dagogiques. Les enseignants \u00e0 taux horaire sont uniquement invit\u00e9s aux journ\u00e9es p\u00e9dagogiques d\u00e9di\u00e9es au projet \u00e9ducatif et une invitation formelle est alors transmise via le communiqu\u00e9.<\/em><\/span><\/strong><\/p>\n","protected":false},"excerpt":{"rendered":"<p>Le lundi 6 janvier est destin\u00e9 \u00e0 du travail professionnel au lieu de votre choix. Merci de consulter votre Teams&hellip;<\/p>\n","protected":false},"author":2,"featured_media":9071,"comment_status":"closed","ping_status":"closed","sticky":false,"template":"","format":"standard","meta":{"footnotes":""},"categories":[23,33],"tags":[],"class_list":["post-9070","post","type-post","status-publish","format-standard","has-post-thumbnail","hentry","category-a-la-une","category-communique"],"_links":{"self":[{"href":"https:\/\/infocrep.cssdm.gouv.qc.ca\/enseignants\/wp-json\/wp\/v2\/posts\/9070","targetHints":{"allow":["GET"]}}],"collection":[{"href":"https:\/\/infocrep.cssdm.gouv.qc.ca\/enseignants\/wp-json\/wp\/v2\/posts"}],"about":[{"href":"https:\/\/infocrep.cssdm.gouv.qc.ca\/enseignants\/wp-json\/wp\/v2\/types\/post"}],"author":[{"embeddable":true,"href":"https:\/\/infocrep.cssdm.gouv.qc.ca\/enseignants\/wp-json\/wp\/v2\/users\/2"}],"replies":[{"embeddable":true,"href":"https:\/\/infocrep.cssdm.gouv.qc.ca\/enseignants\/wp-json\/wp\/v2\/comments?post=9070"}],"version-history":[{"count":3,"href":"https:\/\/infocrep.cssdm.gouv.qc.ca\/enseignants\/wp-json\/wp\/v2\/posts\/9070\/revisions"}],"predecessor-version":[{"id":9089,"href":"https:\/\/infocrep.cssdm.gouv.qc.ca\/enseignants\/wp-json\/wp\/v2\/posts\/9070\/revisions\/9089"}],"wp:featuredmedia":[{"embeddable":true,"href":"https:\/\/infocrep.cssdm.gouv.qc.ca\/enseignants\/wp-json\/wp\/v2\/media\/9071"}],"wp:attachment":[{"href":"https:\/\/infocrep.cssdm.gouv.qc.ca\/enseignants\/wp-json\/wp\/v2\/media?parent=9070"}],"wp:term":[{"taxonomy":"category","embeddable":true,"href":"https:\/\/infocrep.cssdm.gouv.qc.ca\/enseignants\/wp-json\/wp\/v2\/categories?post=9070"},{"taxonomy":"post_tag","embeddable":true,"href":"https:\/\/infocrep.cssdm.gouv.qc.ca\/enseignants\/wp-json\/wp\/v2\/tags?post=9070"}],"curies":[{"name":"wp","href":"https:\/\/api.w.org\/{rel}","templated":true}]}}