{"id":8966,"date":"2024-11-20T07:21:16","date_gmt":"2024-11-20T12:21:16","guid":{"rendered":"https:\/\/infocrep.cssdm.gouv.qc.ca\/enseignants\/?p=8966"},"modified":"2024-11-20T09:10:38","modified_gmt":"2024-11-20T14:10:38","slug":"8966-2","status":"publish","type":"post","link":"https:\/\/infocrep.cssdm.gouv.qc.ca\/enseignants\/8966-2\/","title":{"rendered":"Invitation \u00e0 la f\u00eate de No\u00ebl du CREP: serez-vous des n\u00f4tres?"},"content":{"rendered":"<div>Chers coll\u00e8gues,<\/div>\n<p>Nous avons le plaisir de vous inviter \u00e0 c\u00e9l\u00e9brer ensemble l&rsquo;esprit festif de la saison lors de notre f\u00eate de No\u00ebl!\u00a0Cette soir\u00e9e promet d&rsquo;\u00eatre remplie de bonne humeur, de jeux, de karaok\u00e9 et, bien s\u00fbr, de bonne compagnie autour d\u2019un souper partag\u00e9.<\/p>\n<p>\ud83d\udcc5\u00a0<b>Date : le jeudi 19 d\u00e9cembre<\/b><\/p>\n<p>\ud83d\udd52\u00a0<b>Heure : D\u00e8s 16h pour partager un verre de punch offert par le CREP\u00a0<\/b><\/p>\n<p>\ud83d\udccd\u00a0<b>Lieu : Au CREP, 5100 rue Sherbrooke au 9e \u00e9tage<\/b><\/p>\n<p>\ud83c\udf7d\ufe0f\u00a0<b>Service du souper: 18h\u00a0<\/b><\/p>\n<p><span style=\"text-decoration: underline;\"><a href=\"https:\/\/forms.office.com\/r\/5hFaktvuP8\" target=\"_blank\" rel=\"noopener\"><span style=\"color: #008080;\"><strong>Pour faciliter l\u2019organisation, merci de bien vouloir confirmer votre pr\u00e9sence en remplissant le formulaire en ligne disponible ici, au plus tard le vendredi 13 d\u00e9cembre.<\/strong><\/span><\/a><\/span> Vous y trouverez \u00e9galement le choix de menu pour votre plat principal du restaurant Piri Piri :<\/p>\n<ul>\n<li>1\/4 de poulet<\/li>\n<li>Brochette v\u00e9g\u00e9tarienne au tofu<\/li>\n<\/ul>\n<p>Les repas seront servis avec riz, patate au four \u00e0 la portugaise, salade du chef, un petit pain et une tartelette natas. Des hors-d\u2019\u0153uvre ainsi qu\u2019un punch vous seront offerts avant le repas. <b>Une contribution de 20$ par personne vous est demand\u00e9e.<\/b><\/p>\n<p>N&rsquo;h\u00e9sitez pas \u00e0 apporter une bouteille de vin pour partager ce moment festif avec nous ! Nous avons h\u00e2te de partager cette soir\u00e9e avec vous, ponctu\u00e9e de rires, de musique et de belles surprises.<\/p>\n<p>\u00c0 tr\u00e8s bient\u00f4t!<\/p>\n","protected":false},"excerpt":{"rendered":"<p>Chers coll\u00e8gues, Nous avons le plaisir de vous inviter \u00e0 c\u00e9l\u00e9brer ensemble l&rsquo;esprit festif de la saison lors de notre&hellip;<\/p>\n","protected":false},"author":2,"featured_media":8967,"comment_status":"closed","ping_status":"closed","sticky":false,"template":"","format":"standard","meta":{"footnotes":""},"categories":[23,31,33],"tags":[],"class_list":["post-8966","post","type-post","status-publish","format-standard","has-post-thumbnail","hentry","category-a-la-une","category-bulletin","category-communique"],"_links":{"self":[{"href":"https:\/\/infocrep.cssdm.gouv.qc.ca\/enseignants\/wp-json\/wp\/v2\/posts\/8966","targetHints":{"allow":["GET"]}}],"collection":[{"href":"https:\/\/infocrep.cssdm.gouv.qc.ca\/enseignants\/wp-json\/wp\/v2\/posts"}],"about":[{"href":"https:\/\/infocrep.cssdm.gouv.qc.ca\/enseignants\/wp-json\/wp\/v2\/types\/post"}],"author":[{"embeddable":true,"href":"https:\/\/infocrep.cssdm.gouv.qc.ca\/enseignants\/wp-json\/wp\/v2\/users\/2"}],"replies":[{"embeddable":true,"href":"https:\/\/infocrep.cssdm.gouv.qc.ca\/enseignants\/wp-json\/wp\/v2\/comments?post=8966"}],"version-history":[{"count":8,"href":"https:\/\/infocrep.cssdm.gouv.qc.ca\/enseignants\/wp-json\/wp\/v2\/posts\/8966\/revisions"}],"predecessor-version":[{"id":8975,"href":"https:\/\/infocrep.cssdm.gouv.qc.ca\/enseignants\/wp-json\/wp\/v2\/posts\/8966\/revisions\/8975"}],"wp:featuredmedia":[{"embeddable":true,"href":"https:\/\/infocrep.cssdm.gouv.qc.ca\/enseignants\/wp-json\/wp\/v2\/media\/8967"}],"wp:attachment":[{"href":"https:\/\/infocrep.cssdm.gouv.qc.ca\/enseignants\/wp-json\/wp\/v2\/media?parent=8966"}],"wp:term":[{"taxonomy":"category","embeddable":true,"href":"https:\/\/infocrep.cssdm.gouv.qc.ca\/enseignants\/wp-json\/wp\/v2\/categories?post=8966"},{"taxonomy":"post_tag","embeddable":true,"href":"https:\/\/infocrep.cssdm.gouv.qc.ca\/enseignants\/wp-json\/wp\/v2\/tags?post=8966"}],"curies":[{"name":"wp","href":"https:\/\/api.w.org\/{rel}","templated":true}]}}