{"id":8874,"date":"2024-11-01T10:24:35","date_gmt":"2024-11-01T14:24:35","guid":{"rendered":"https:\/\/infocrep.cssdm.gouv.qc.ca\/enseignants\/?p=8874"},"modified":"2024-11-01T10:25:08","modified_gmt":"2024-11-01T14:25:08","slug":"des-nouvelles-de-nos-comites","status":"publish","type":"post","link":"https:\/\/infocrep.cssdm.gouv.qc.ca\/enseignants\/des-nouvelles-de-nos-comites\/","title":{"rendered":"Des nouvelles de nos comit\u00e9s"},"content":{"rendered":"<p>\u00c7a bouge au CREP! Nos comit\u00e9s dynamiques et engag\u00e9s sont en action pour am\u00e9liorer en continu le service offert \u00e0 nos \u00e9l\u00e8ves et nos partenaires.<\/p>\n<p><strong>Comit\u00e9 Normes et modalit\u00e9s d&rsquo;\u00e9valuation au CREP\u00a0\u00a0:<\/strong><br \/>\nComme mentionn\u00e9 lors de la rencontre du 18 octobre, le comit\u00e9 NM\u00c9 r\u00e9vise le canevas des services \u00e9ducatifs et l\u2019adapte \u00e0 la r\u00e9alit\u00e9 du CREP. Le comit\u00e9 a approch\u00e9 des enseignants des diff\u00e9rents services afin de s\u2019assurer que le contenu r\u00e9pond \u00e0 leur r\u00e9alit\u00e9. Au fur et \u00e0 mesure, le comit\u00e9 expose aux services \u00e9ducatifs les sections r\u00e9vis\u00e9es.<\/p>\n<p>Le document final doit \u00eatre d\u00e9pos\u00e9 le 15 novembre.\u00a0<strong><a href=\"https:\/\/infocrep.cssdm.gouv.qc.ca\/enseignants\/wp-content\/uploads\/sites\/6\/securepdfs\/2024\/10\/Canevas-NME-des-services-educatifs.pdf\">Vous trouverez le canevas des services \u00e9ducatifs ici.<\/a><\/strong><strong>\u00a0<\/strong>Si vous avez des questions, n\u2019h\u00e9sitez pas \u00e0 communiquer avec les membres du comit\u00e9\u00a0:<\/p>\n<ul>\n<li><strong><a href=\"mailto:smail.d@csdm.qc.ca\">Djamila Smail, directrice adjointe<\/a><\/strong><\/li>\n<li><strong>Lydia Desrosiers, conseill\u00e8re p\u00e9dagogique<\/strong><\/li>\n<li><strong>Jonathan B\u00e9land, enseignant<\/strong><\/li>\n<li><strong>Elena Bracco, enseignant<\/strong><\/li>\n<li><strong>Mofo Tsop Samuel, enseignant<\/strong><\/li>\n<\/ul>\n<p>&nbsp;<\/p>\n<p><strong>Comit\u00e9 d\u2019implantation du programme de Participation sociale (PS):<\/strong><\/p>\n<p>Le comit\u00e9 travaille continuellement sur le nouveau programme PS afin d\u2019arriver \u00e0 proposer \u00e0 l\u2019ensemble de l\u2019\u00e9quipe une compr\u00e9hension commune du programme d\u2019\u00e9tudes Participation sociale et se familiariser avec le processus d\u2019\u00e9valuation. Le comit\u00e9 pr\u00e9pare actuellement une proc\u00e9dure pour le cours obligatoire Z-101.<\/p>\n<p>&nbsp;<\/p>\n<p><strong>Pilotage du projet \u00e9ducatif:<\/strong><\/p>\n<p>Le comit\u00e9 participe activement\u00a0\u00e0 l&rsquo;\u00e9laboration de la journ\u00e9e de formation sur le RAI du 12 novembre (journ\u00e9e p\u00e9dagogique) avec les nos conseillers p\u00e9dagogiques. Leur r\u00e9flexion et leur apport rendront dynamique notre prochaine journ\u00e9e p\u00e9dagogique.<\/p>\n<p>&nbsp;<\/p>\n<p><strong>Comit\u00e9 de soutien aux \u00e9l\u00e8ves ayant des besoins particuliers (EBP):<\/strong><\/p>\n<p>Le comit\u00e9 est \u00e0 analyser des outils et des proc\u00e9dures d&rsquo;accueil des \u00e9l\u00e8ves EBP: mesures d&rsquo;adaptation et plan d&rsquo;aide \u00e0 l&rsquo;apprentissage.<\/p>\n","protected":false},"excerpt":{"rendered":"<p>\u00c7a bouge au CREP! Nos comit\u00e9s dynamiques et engag\u00e9s sont en action pour am\u00e9liorer en continu le service offert \u00e0&hellip;<\/p>\n","protected":false},"author":2,"featured_media":8875,"comment_status":"closed","ping_status":"closed","sticky":false,"template":"","format":"standard","meta":{"footnotes":""},"categories":[23,31],"tags":[],"class_list":["post-8874","post","type-post","status-publish","format-standard","has-post-thumbnail","hentry","category-a-la-une","category-bulletin"],"_links":{"self":[{"href":"https:\/\/infocrep.cssdm.gouv.qc.ca\/enseignants\/wp-json\/wp\/v2\/posts\/8874","targetHints":{"allow":["GET"]}}],"collection":[{"href":"https:\/\/infocrep.cssdm.gouv.qc.ca\/enseignants\/wp-json\/wp\/v2\/posts"}],"about":[{"href":"https:\/\/infocrep.cssdm.gouv.qc.ca\/enseignants\/wp-json\/wp\/v2\/types\/post"}],"author":[{"embeddable":true,"href":"https:\/\/infocrep.cssdm.gouv.qc.ca\/enseignants\/wp-json\/wp\/v2\/users\/2"}],"replies":[{"embeddable":true,"href":"https:\/\/infocrep.cssdm.gouv.qc.ca\/enseignants\/wp-json\/wp\/v2\/comments?post=8874"}],"version-history":[{"count":1,"href":"https:\/\/infocrep.cssdm.gouv.qc.ca\/enseignants\/wp-json\/wp\/v2\/posts\/8874\/revisions"}],"predecessor-version":[{"id":8876,"href":"https:\/\/infocrep.cssdm.gouv.qc.ca\/enseignants\/wp-json\/wp\/v2\/posts\/8874\/revisions\/8876"}],"wp:featuredmedia":[{"embeddable":true,"href":"https:\/\/infocrep.cssdm.gouv.qc.ca\/enseignants\/wp-json\/wp\/v2\/media\/8875"}],"wp:attachment":[{"href":"https:\/\/infocrep.cssdm.gouv.qc.ca\/enseignants\/wp-json\/wp\/v2\/media?parent=8874"}],"wp:term":[{"taxonomy":"category","embeddable":true,"href":"https:\/\/infocrep.cssdm.gouv.qc.ca\/enseignants\/wp-json\/wp\/v2\/categories?post=8874"},{"taxonomy":"post_tag","embeddable":true,"href":"https:\/\/infocrep.cssdm.gouv.qc.ca\/enseignants\/wp-json\/wp\/v2\/tags?post=8874"}],"curies":[{"name":"wp","href":"https:\/\/api.w.org\/{rel}","templated":true}]}}