{"id":8630,"date":"2024-09-20T11:35:31","date_gmt":"2024-09-20T15:35:31","guid":{"rendered":"https:\/\/infocrep.cssdm.gouv.qc.ca\/enseignants\/?p=8630"},"modified":"2024-09-20T11:45:02","modified_gmt":"2024-09-20T15:45:02","slug":"journees-de-la-culture-2024","status":"publish","type":"post","link":"https:\/\/infocrep.cssdm.gouv.qc.ca\/enseignants\/journees-de-la-culture-2024\/","title":{"rendered":"Journ\u00e9es de la culture 2024"},"content":{"rendered":"<p><strong>Cr\u00e9er des m\u00e8mes<\/strong><\/p>\n<p>Dans le cadre du volet scolaire des <a id=\"menurd41\" class=\"fui-Link ___1q1shib f2hkw1w f3rmtva f1ewtqcl fyind8e f1k6fduh f1w7gpdv fk6fouc fjoy568 figsok6 f1s184ao f1mk8lai fnbmjn9 f1o700av f13mvf36 f1cmlufx f9n3di6 f1ids18y f1tx3yz7 f1deo86v f1eh06m1 f1iescvh fhgqx19 f1olyrje f1p93eir f1nev41a f1h8hb77 f1lqvz6u f10aw75t fsle3fq f17ae5zn\" title=\"https:\/\/www.journeesdelaculture.qc.ca\/#volet-scolaire\" href=\"https:\/\/www.journeesdelaculture.qc.ca\/#volet-scolaire\" target=\"_blank\" rel=\"noreferrer noopener\" aria-label=\"Lien Journ\u00e9es de la culture 2024\">Journ\u00e9es de la culture 2024<\/a>, Culture Qu\u00e9bec invite les enseignants de toutes les disciplines \u00e0 participer \u00e0 la 6e \u00e9dition de <a id=\"menurd43\" class=\"fui-Link ___1q1shib f2hkw1w f3rmtva f1ewtqcl fyind8e f1k6fduh f1w7gpdv fk6fouc fjoy568 figsok6 f1s184ao f1mk8lai fnbmjn9 f1o700av f13mvf36 f1cmlufx f9n3di6 f1ids18y f1tx3yz7 f1deo86v f1eh06m1 f1iescvh fhgqx19 f1olyrje f1p93eir f1nev41a f1h8hb77 f1lqvz6u f10aw75t fsle3fq f17ae5zn\" title=\"https:\/\/www.journeesdelaculture.qc.ca\/volet-scolaire\/jaime-les-mots-2024\" href=\"https:\/\/www.journeesdelaculture.qc.ca\/volet-scolaire\/jaime-les-mots-2024\" target=\"_blank\" rel=\"noreferrer noopener\" aria-label=\"Lien J\u2019aime les mots\">J\u2019aime les mots<\/a>. Que ce soit en fran\u00e7ais, histoire, math\u00e9matiques ou toute autre mati\u00e8re, proposez \u00e0 vos \u00e9l\u00e8ves de <strong>cr\u00e9er des m\u00e8mes <\/strong>pour s\u2019exprimer sur les enjeux de soci\u00e9t\u00e9 ou r\u00e9agir \u00e0 l\u2019actualit\u00e9.<\/p>\n<p>Cette activit\u00e9 ludique et enrichissante, parrain\u00e9e cette ann\u00e9e par <strong>Fabiola Nyrva Aladin<\/strong>, se d\u00e9roulera du <strong>27 septembre au 25 octobre<\/strong>. <a id=\"menurd45\" class=\"fui-Link ___1q1shib f2hkw1w f3rmtva f1ewtqcl fyind8e f1k6fduh f1w7gpdv fk6fouc fjoy568 figsok6 f1s184ao f1mk8lai fnbmjn9 f1o700av f13mvf36 f1cmlufx f9n3di6 f1ids18y f1tx3yz7 f1deo86v f1eh06m1 f1iescvh fhgqx19 f1olyrje f1p93eir f1nev41a f1h8hb77 f1lqvz6u f10aw75t fsle3fq f17ae5zn\" title=\"https:\/\/www.journeesdelaculture.qc.ca\/jaime-les-mots-2024-inscription\" href=\"https:\/\/www.journeesdelaculture.qc.ca\/jaime-les-mots-2024-inscription\" target=\"_blank\" rel=\"noreferrer noopener\" aria-label=\"Lien Inscrivez d\u00e8s maintenant votre classe\">Inscrivez d\u00e8s maintenant votre classe<\/a> pour recevoir le mat\u00e9riel p\u00e9dagogique et vous pr\u00e9parer \u00e0 l\u2019\u00e9v\u00e9nement.<\/p>\n<p><i>*Un m\u00e8me est une image, vid\u00e9o ou texte humoristique qui se r\u00e9pand rapidement sur Internet et que les gens modifient souvent pour exprimer des id\u00e9es ou des r\u00e9actions<\/i><\/p>\n<p>Journ\u00e9es de la culture<\/p>\n<p>Les Journ\u00e9es de la culture, ce sont des centaines d&rsquo;activit\u00e9s interactives de d\u00e9couverte et d&rsquo;appr\u00e9ciation des arts et de la culture, offertes gratuitement partout au Qu\u00e9bec.<\/p>\n<p>&nbsp;<\/p>\n<p><strong><a href=\"https:\/\/www.journeesdelaculture.qc.ca\/activites?days=all&amp;region=4341&amp;city=all&amp;district=all&amp;type=all&amp;audience=all\" target=\"_blank\" rel=\"noopener\">Pour avoir le d\u00e9tail des activit\u00e9s offertes dans la r\u00e9gion de Montr\u00e9al cliquez ICI.<\/a><\/strong><\/p>\n<p>&nbsp;<\/p>\n","protected":false},"excerpt":{"rendered":"<p>Cr\u00e9er des m\u00e8mes Dans le cadre du volet scolaire des Journ\u00e9es de la culture 2024, Culture Qu\u00e9bec invite les enseignants&hellip;<\/p>\n","protected":false},"author":2,"featured_media":8631,"comment_status":"closed","ping_status":"closed","sticky":false,"template":"","format":"standard","meta":{"footnotes":""},"categories":[23],"tags":[],"class_list":["post-8630","post","type-post","status-publish","format-standard","has-post-thumbnail","hentry","category-a-la-une"],"_links":{"self":[{"href":"https:\/\/infocrep.cssdm.gouv.qc.ca\/enseignants\/wp-json\/wp\/v2\/posts\/8630","targetHints":{"allow":["GET"]}}],"collection":[{"href":"https:\/\/infocrep.cssdm.gouv.qc.ca\/enseignants\/wp-json\/wp\/v2\/posts"}],"about":[{"href":"https:\/\/infocrep.cssdm.gouv.qc.ca\/enseignants\/wp-json\/wp\/v2\/types\/post"}],"author":[{"embeddable":true,"href":"https:\/\/infocrep.cssdm.gouv.qc.ca\/enseignants\/wp-json\/wp\/v2\/users\/2"}],"replies":[{"embeddable":true,"href":"https:\/\/infocrep.cssdm.gouv.qc.ca\/enseignants\/wp-json\/wp\/v2\/comments?post=8630"}],"version-history":[{"count":2,"href":"https:\/\/infocrep.cssdm.gouv.qc.ca\/enseignants\/wp-json\/wp\/v2\/posts\/8630\/revisions"}],"predecessor-version":[{"id":8633,"href":"https:\/\/infocrep.cssdm.gouv.qc.ca\/enseignants\/wp-json\/wp\/v2\/posts\/8630\/revisions\/8633"}],"wp:featuredmedia":[{"embeddable":true,"href":"https:\/\/infocrep.cssdm.gouv.qc.ca\/enseignants\/wp-json\/wp\/v2\/media\/8631"}],"wp:attachment":[{"href":"https:\/\/infocrep.cssdm.gouv.qc.ca\/enseignants\/wp-json\/wp\/v2\/media?parent=8630"}],"wp:term":[{"taxonomy":"category","embeddable":true,"href":"https:\/\/infocrep.cssdm.gouv.qc.ca\/enseignants\/wp-json\/wp\/v2\/categories?post=8630"},{"taxonomy":"post_tag","embeddable":true,"href":"https:\/\/infocrep.cssdm.gouv.qc.ca\/enseignants\/wp-json\/wp\/v2\/tags?post=8630"}],"curies":[{"name":"wp","href":"https:\/\/api.w.org\/{rel}","templated":true}]}}