{"id":8412,"date":"2024-08-23T15:40:42","date_gmt":"2024-08-23T19:40:42","guid":{"rendered":"https:\/\/infocrep.cssdm.gouv.qc.ca\/enseignants\/?p=8412"},"modified":"2024-08-23T15:40:42","modified_gmt":"2024-08-23T19:40:42","slug":"salon-national-de-leducation-17-et-18-octobre","status":"publish","type":"post","link":"https:\/\/infocrep.cssdm.gouv.qc.ca\/enseignants\/salon-national-de-leducation-17-et-18-octobre\/","title":{"rendered":"Salon national de l\u2019\u00e9ducation: 17 et 18 octobre"},"content":{"rendered":"<h2 class=\"style3\" style=\"text-align: left;\" align=\"center\"><strong>Palais des congr\u00e8s de Montr\u00e9al &#8211; 17 et 18 octobre<br \/>\n<\/strong><\/h2>\n<p align=\"left\">\n<p>Soyez au prochain rendez-vous du Salon national de l\u2019\u00e9ducation, qui sera pr\u00e9sent\u00e9\u00a0pour la premi\u00e8re fois au\u00a0Palais des congr\u00e8s de Montr\u00e9al, les 17 et 18 octobre 2024.<\/p>\n<p align=\"justify\">Le Salon permet \u00e0 tous, jeunes et adultes, de retrouver sous un m\u00eame toit pendant 2 jours de multiples ressources du monde de l&rsquo;\u00e9ducation et du choix de carri\u00e8re, et d&rsquo;\u00e9changer en face-\u00e0-face avec leurs repr\u00e9sentants. Ne manquez pas cette occasion de d\u00e9couvrir et d&rsquo;explorer les innombrables options d&rsquo;\u00e9tudes et de formation ainsi que les diff\u00e9rents m\u00e9tiers et professions qui s&rsquo;offrent \u00e0 vous!<\/p>\n<p align=\"justify\">Cliquez ici pour plus de d\u00e9tails:<\/p>\n<p><a href=\"https:\/\/www.salonnationaleducation.com\/n\/fr\/accueil\/\" target=\"_blank\" rel=\"noopener\">https:\/\/www.salonnationaleducation.com\/n\/fr\/accueil\/<\/a><\/p>\n","protected":false},"excerpt":{"rendered":"<p>Palais des congr\u00e8s de Montr\u00e9al &#8211; 17 et 18 octobre Soyez au prochain rendez-vous du Salon national de l\u2019\u00e9ducation, qui&hellip;<\/p>\n","protected":false},"author":2,"featured_media":8413,"comment_status":"closed","ping_status":"closed","sticky":false,"template":"","format":"standard","meta":{"footnotes":""},"categories":[23,33],"tags":[],"class_list":["post-8412","post","type-post","status-publish","format-standard","has-post-thumbnail","hentry","category-a-la-une","category-communique"],"_links":{"self":[{"href":"https:\/\/infocrep.cssdm.gouv.qc.ca\/enseignants\/wp-json\/wp\/v2\/posts\/8412","targetHints":{"allow":["GET"]}}],"collection":[{"href":"https:\/\/infocrep.cssdm.gouv.qc.ca\/enseignants\/wp-json\/wp\/v2\/posts"}],"about":[{"href":"https:\/\/infocrep.cssdm.gouv.qc.ca\/enseignants\/wp-json\/wp\/v2\/types\/post"}],"author":[{"embeddable":true,"href":"https:\/\/infocrep.cssdm.gouv.qc.ca\/enseignants\/wp-json\/wp\/v2\/users\/2"}],"replies":[{"embeddable":true,"href":"https:\/\/infocrep.cssdm.gouv.qc.ca\/enseignants\/wp-json\/wp\/v2\/comments?post=8412"}],"version-history":[{"count":1,"href":"https:\/\/infocrep.cssdm.gouv.qc.ca\/enseignants\/wp-json\/wp\/v2\/posts\/8412\/revisions"}],"predecessor-version":[{"id":8414,"href":"https:\/\/infocrep.cssdm.gouv.qc.ca\/enseignants\/wp-json\/wp\/v2\/posts\/8412\/revisions\/8414"}],"wp:featuredmedia":[{"embeddable":true,"href":"https:\/\/infocrep.cssdm.gouv.qc.ca\/enseignants\/wp-json\/wp\/v2\/media\/8413"}],"wp:attachment":[{"href":"https:\/\/infocrep.cssdm.gouv.qc.ca\/enseignants\/wp-json\/wp\/v2\/media?parent=8412"}],"wp:term":[{"taxonomy":"category","embeddable":true,"href":"https:\/\/infocrep.cssdm.gouv.qc.ca\/enseignants\/wp-json\/wp\/v2\/categories?post=8412"},{"taxonomy":"post_tag","embeddable":true,"href":"https:\/\/infocrep.cssdm.gouv.qc.ca\/enseignants\/wp-json\/wp\/v2\/tags?post=8412"}],"curies":[{"name":"wp","href":"https:\/\/api.w.org\/{rel}","templated":true}]}}