{"id":8409,"date":"2024-08-23T15:37:51","date_gmt":"2024-08-23T19:37:51","guid":{"rendered":"https:\/\/infocrep.cssdm.gouv.qc.ca\/enseignants\/?p=8409"},"modified":"2024-08-23T15:38:33","modified_gmt":"2024-08-23T19:38:33","slug":"salon-de-limmigration-et-de-lintegration-au-quebec-18-et-19-novembre-2024","status":"publish","type":"post","link":"https:\/\/infocrep.cssdm.gouv.qc.ca\/enseignants\/salon-de-limmigration-et-de-lintegration-au-quebec-18-et-19-novembre-2024\/","title":{"rendered":"Salon de l\u2019immigration et de l\u2019int\u00e9gration au Qu\u00e9bec: 18 et 19 novembre 2024"},"content":{"rendered":"<h3 class=\"elementor-icon-box-title\">Vivre, Travailler, \u00e9tudier<\/h3>\n<p class=\"elementor-icon-box-description\">L&rsquo;\u00e9dition Automne 2024 du Salon de l\u2019immigration et de l\u2019int\u00e9gration au Qu\u00e9bec aura lieu les 18 et 19 novembre 2024, au Palais des congr\u00e8s de Montr\u00e9al.<br \/>\nChaque ann\u00e9e, plus de 13 000 personnes se r\u00e9unissent pour explorer les opportunit\u00e9s et services essentiels qui facilitent une int\u00e9gration r\u00e9ussie au c\u0153ur du Qu\u00e9bec.<br \/>\nC&rsquo;est une opportunit\u00e9 de d\u00e9couvrir un monde de possibilit\u00e9s et de prendre en main votre avenir.<\/p>\n<p>Cliquez ici pour plus de d\u00e9tails:<\/p>\n<p><a href=\"https:\/\/salonimmigration.com\/\" target=\"_blank\" rel=\"noopener\">https:\/\/salonimmigration.com\/<\/a><\/p>\n<p>&nbsp;<\/p>\n","protected":false},"excerpt":{"rendered":"<p>Vivre, Travailler, \u00e9tudier L&rsquo;\u00e9dition Automne 2024 du Salon de l\u2019immigration et de l\u2019int\u00e9gration au Qu\u00e9bec aura lieu les 18 et&hellip;<\/p>\n","protected":false},"author":2,"featured_media":8410,"comment_status":"closed","ping_status":"closed","sticky":false,"template":"","format":"standard","meta":{"footnotes":""},"categories":[23,33],"tags":[],"class_list":["post-8409","post","type-post","status-publish","format-standard","has-post-thumbnail","hentry","category-a-la-une","category-communique"],"_links":{"self":[{"href":"https:\/\/infocrep.cssdm.gouv.qc.ca\/enseignants\/wp-json\/wp\/v2\/posts\/8409","targetHints":{"allow":["GET"]}}],"collection":[{"href":"https:\/\/infocrep.cssdm.gouv.qc.ca\/enseignants\/wp-json\/wp\/v2\/posts"}],"about":[{"href":"https:\/\/infocrep.cssdm.gouv.qc.ca\/enseignants\/wp-json\/wp\/v2\/types\/post"}],"author":[{"embeddable":true,"href":"https:\/\/infocrep.cssdm.gouv.qc.ca\/enseignants\/wp-json\/wp\/v2\/users\/2"}],"replies":[{"embeddable":true,"href":"https:\/\/infocrep.cssdm.gouv.qc.ca\/enseignants\/wp-json\/wp\/v2\/comments?post=8409"}],"version-history":[{"count":1,"href":"https:\/\/infocrep.cssdm.gouv.qc.ca\/enseignants\/wp-json\/wp\/v2\/posts\/8409\/revisions"}],"predecessor-version":[{"id":8411,"href":"https:\/\/infocrep.cssdm.gouv.qc.ca\/enseignants\/wp-json\/wp\/v2\/posts\/8409\/revisions\/8411"}],"wp:featuredmedia":[{"embeddable":true,"href":"https:\/\/infocrep.cssdm.gouv.qc.ca\/enseignants\/wp-json\/wp\/v2\/media\/8410"}],"wp:attachment":[{"href":"https:\/\/infocrep.cssdm.gouv.qc.ca\/enseignants\/wp-json\/wp\/v2\/media?parent=8409"}],"wp:term":[{"taxonomy":"category","embeddable":true,"href":"https:\/\/infocrep.cssdm.gouv.qc.ca\/enseignants\/wp-json\/wp\/v2\/categories?post=8409"},{"taxonomy":"post_tag","embeddable":true,"href":"https:\/\/infocrep.cssdm.gouv.qc.ca\/enseignants\/wp-json\/wp\/v2\/tags?post=8409"}],"curies":[{"name":"wp","href":"https:\/\/api.w.org\/{rel}","templated":true}]}}