{"id":8310,"date":"2024-06-07T09:34:05","date_gmt":"2024-06-07T13:34:05","guid":{"rendered":"https:\/\/infocrep.cssdm.gouv.qc.ca\/enseignants\/?p=8310"},"modified":"2024-06-07T09:34:05","modified_gmt":"2024-06-07T13:34:05","slug":"collecte-de-donnees-pour-notre-projet-educatif","status":"publish","type":"post","link":"https:\/\/infocrep.cssdm.gouv.qc.ca\/enseignants\/collecte-de-donnees-pour-notre-projet-educatif\/","title":{"rendered":"Collecte de donn\u00e9es pour notre projet \u00e9ducatif"},"content":{"rendered":"<p>Bonjour chers coll\u00e8gues,<\/p>\n<p>J&rsquo;esp\u00e8re que cette ann\u00e9e scolaire s&rsquo;est d\u00e9roul\u00e9e \u00e0 votre satisfaction et que vos \u00e9l\u00e8ves ont pu progresser et s&rsquo;\u00e9panouir.<\/p>\n<p>Comme annonc\u00e9 en d\u00e9but d&rsquo;ann\u00e9e, il est temps de recueillir nos donn\u00e9es pour notre projet \u00e9ducatif. Cette \u00e9tape est essentielle pour nous permettre d&rsquo;\u00e9valuer annuellement l&rsquo;impact de nos actions et de mesurer l\u2019atteinte de notre objectif pour 2027.<\/p>\n<p>Votre participation est pr\u00e9cieuse et nous permettra de mieux accompagner nos \u00e9l\u00e8ves dans leur r\u00e9ussite.<\/p>\n<p>&nbsp;<\/p>\n<p>La collecte de donn\u00e9es est simple et rapide :<\/p>\n<ul>\n<li>Connectez-vous \u00e0 Moodle et acc\u00e9dez au cours \u00ab\u00a0Projet \u00e9ducatif CREP (gouv.qc.ca)\u00a0\u00bb.\n<ul>\n<li>\n<h3><strong><span style=\"color: #008080;\"><a style=\"color: #008080;\" href=\"https:\/\/moodlecrep.cssdm.gouv.qc.ca\/course\/view.php?id=499#section-0\">Cours\u00a0: Projet \u00e9ducatif CREP (gouv.qc.ca)<\/a><\/span><\/strong><\/h3>\n<\/li>\n<\/ul>\n<\/li>\n<\/ul>\n<ul>\n<li>Cliquez sur l&rsquo;outil de sondage \u00ab\u00a0Collecte de donn\u00e9es juin 2024\u00a0\u00bb.<\/li>\n<li>Suivez les instructions vid\u00e9o pour r\u00e9pondre au questionnaire.<\/li>\n<li>Indiquez le nombre d&rsquo;\u00e9l\u00e8ves que vous avez eus pendant l&rsquo;ann\u00e9e qui ont formul\u00e9 des objectifs personnels.<\/li>\n<li>Pr\u00e9cisez le nombre d&rsquo;\u00e9l\u00e8ves qui ont atteint, atteint partiellement ou pas du tout leurs objectifs.<\/li>\n<\/ul>\n<p>&nbsp;<\/p>\n<p>Si vous avez besoin d&rsquo;aide, n&rsquo;h\u00e9sitez pas \u00e0 contacter notre CP, Maude Richer-Pageon.<\/p>\n<p><span style=\"color: #ff0000;\"><strong>La date limite pour remplir le questionnaire est le 21 juin \u00e0 16h00.<\/strong><\/span><\/p>\n<p>Merci \u00e0 toute l\u2019\u00e9quipe pour votre collaboration et votre engagement dans le projet \u00e9ducatif.<\/p>\n<p>Ensemble, nous faisons la diff\u00e9rence pour nos \u00e9l\u00e8ves!\u00a0\ud83d\ude0a<\/p>\n<p>&nbsp;<\/p>\n<p>Cordialement,<\/p>\n<p>&nbsp;<\/p>\n<p><strong>Maryl\u00e8ne Bernier<\/strong><\/p>\n<p>&nbsp;<\/p>\n","protected":false},"excerpt":{"rendered":"<p>Bonjour chers coll\u00e8gues, J&rsquo;esp\u00e8re que cette ann\u00e9e scolaire s&rsquo;est d\u00e9roul\u00e9e \u00e0 votre satisfaction et que vos \u00e9l\u00e8ves ont pu progresser&hellip;<\/p>\n","protected":false},"author":2,"featured_media":8311,"comment_status":"closed","ping_status":"closed","sticky":false,"template":"","format":"standard","meta":{"footnotes":""},"categories":[23,33],"tags":[],"class_list":["post-8310","post","type-post","status-publish","format-standard","has-post-thumbnail","hentry","category-a-la-une","category-communique"],"_links":{"self":[{"href":"https:\/\/infocrep.cssdm.gouv.qc.ca\/enseignants\/wp-json\/wp\/v2\/posts\/8310","targetHints":{"allow":["GET"]}}],"collection":[{"href":"https:\/\/infocrep.cssdm.gouv.qc.ca\/enseignants\/wp-json\/wp\/v2\/posts"}],"about":[{"href":"https:\/\/infocrep.cssdm.gouv.qc.ca\/enseignants\/wp-json\/wp\/v2\/types\/post"}],"author":[{"embeddable":true,"href":"https:\/\/infocrep.cssdm.gouv.qc.ca\/enseignants\/wp-json\/wp\/v2\/users\/2"}],"replies":[{"embeddable":true,"href":"https:\/\/infocrep.cssdm.gouv.qc.ca\/enseignants\/wp-json\/wp\/v2\/comments?post=8310"}],"version-history":[{"count":1,"href":"https:\/\/infocrep.cssdm.gouv.qc.ca\/enseignants\/wp-json\/wp\/v2\/posts\/8310\/revisions"}],"predecessor-version":[{"id":8312,"href":"https:\/\/infocrep.cssdm.gouv.qc.ca\/enseignants\/wp-json\/wp\/v2\/posts\/8310\/revisions\/8312"}],"wp:featuredmedia":[{"embeddable":true,"href":"https:\/\/infocrep.cssdm.gouv.qc.ca\/enseignants\/wp-json\/wp\/v2\/media\/8311"}],"wp:attachment":[{"href":"https:\/\/infocrep.cssdm.gouv.qc.ca\/enseignants\/wp-json\/wp\/v2\/media?parent=8310"}],"wp:term":[{"taxonomy":"category","embeddable":true,"href":"https:\/\/infocrep.cssdm.gouv.qc.ca\/enseignants\/wp-json\/wp\/v2\/categories?post=8310"},{"taxonomy":"post_tag","embeddable":true,"href":"https:\/\/infocrep.cssdm.gouv.qc.ca\/enseignants\/wp-json\/wp\/v2\/tags?post=8310"}],"curies":[{"name":"wp","href":"https:\/\/api.w.org\/{rel}","templated":true}]}}