{"id":8250,"date":"2024-05-17T10:17:33","date_gmt":"2024-05-17T14:17:33","guid":{"rendered":"https:\/\/infocrep.cssdm.gouv.qc.ca\/enseignants\/?p=8250"},"modified":"2024-05-28T11:42:05","modified_gmt":"2024-05-28T15:42:05","slug":"nomination-et-affectations-au-crep","status":"publish","type":"post","link":"https:\/\/infocrep.cssdm.gouv.qc.ca\/enseignants\/nomination-et-affectations-au-crep\/","title":{"rendered":"Nomination et affectations au CREP"},"content":{"rendered":"<table>\n<tbody>\n<tr>\n<td><strong>Nomination de S\u00e9bastien Ross au poste de direction adjointe r\u00e9guli\u00e8re au CREP<\/strong><\/p>\n<p>Nous sommes heureux de vous informer de la nomination de S\u00e9bastien Ross au poste de direction adjointe r\u00e9guli\u00e8re au CREP. Bien que S\u00e9bastien soit avec nous depuis un peu plus d\u2019un an, il occupait le poste en remplacement de Claude Gagnon \u00e0 la direction adjointe du CREP. Nous pourrons donc avoir la chance de poursuivre notre travail avec lui et ainsi b\u00e9n\u00e9ficier de toute son expertise, sans oublier, son sens de l\u2019humour! F\u00e9licitations S\u00e9bastien!<\/p>\n<p><strong>\u00a0<\/strong><\/p>\n<p><strong>Affectation reconduite du personnel administratif<\/strong><\/td>\n<\/tr>\n<\/tbody>\n<\/table>\n<p>Nous ne bouderons pas notre bonheur pour vous annoncer que Kevin Luo, notre technicien \u00e0 l\u2019organisation scolaire, Mireille Mendo, Nadia Siline, Nadia Moghrani et Lise Tr\u00e9panier, toutes agentes de bureau au CREP, sans oublier Sylvie Desjardins, notre secr\u00e9taire de gestion, ont tous pu conserver leur affectation au CREP !<\/p>\n","protected":false},"excerpt":{"rendered":"<p>Nomination de S\u00e9bastien Ross au poste de direction adjointe r\u00e9guli\u00e8re au CREP Nous sommes heureux de vous informer de la&hellip;<\/p>\n","protected":false},"author":2,"featured_media":8150,"comment_status":"closed","ping_status":"closed","sticky":false,"template":"","format":"standard","meta":{"footnotes":""},"categories":[23,33],"tags":[],"class_list":["post-8250","post","type-post","status-publish","format-standard","has-post-thumbnail","hentry","category-a-la-une","category-communique"],"_links":{"self":[{"href":"https:\/\/infocrep.cssdm.gouv.qc.ca\/enseignants\/wp-json\/wp\/v2\/posts\/8250","targetHints":{"allow":["GET"]}}],"collection":[{"href":"https:\/\/infocrep.cssdm.gouv.qc.ca\/enseignants\/wp-json\/wp\/v2\/posts"}],"about":[{"href":"https:\/\/infocrep.cssdm.gouv.qc.ca\/enseignants\/wp-json\/wp\/v2\/types\/post"}],"author":[{"embeddable":true,"href":"https:\/\/infocrep.cssdm.gouv.qc.ca\/enseignants\/wp-json\/wp\/v2\/users\/2"}],"replies":[{"embeddable":true,"href":"https:\/\/infocrep.cssdm.gouv.qc.ca\/enseignants\/wp-json\/wp\/v2\/comments?post=8250"}],"version-history":[{"count":1,"href":"https:\/\/infocrep.cssdm.gouv.qc.ca\/enseignants\/wp-json\/wp\/v2\/posts\/8250\/revisions"}],"predecessor-version":[{"id":8251,"href":"https:\/\/infocrep.cssdm.gouv.qc.ca\/enseignants\/wp-json\/wp\/v2\/posts\/8250\/revisions\/8251"}],"wp:featuredmedia":[{"embeddable":true,"href":"https:\/\/infocrep.cssdm.gouv.qc.ca\/enseignants\/wp-json\/wp\/v2\/media\/8150"}],"wp:attachment":[{"href":"https:\/\/infocrep.cssdm.gouv.qc.ca\/enseignants\/wp-json\/wp\/v2\/media?parent=8250"}],"wp:term":[{"taxonomy":"category","embeddable":true,"href":"https:\/\/infocrep.cssdm.gouv.qc.ca\/enseignants\/wp-json\/wp\/v2\/categories?post=8250"},{"taxonomy":"post_tag","embeddable":true,"href":"https:\/\/infocrep.cssdm.gouv.qc.ca\/enseignants\/wp-json\/wp\/v2\/tags?post=8250"}],"curies":[{"name":"wp","href":"https:\/\/api.w.org\/{rel}","templated":true}]}}