{"id":8218,"date":"2024-04-30T10:00:41","date_gmt":"2024-04-30T14:00:41","guid":{"rendered":"https:\/\/infocrep.cssdm.gouv.qc.ca\/enseignants\/?p=8218"},"modified":"2024-05-16T10:03:23","modified_gmt":"2024-05-16T14:03:23","slug":"avis-de-deces-7","status":"publish","type":"post","link":"https:\/\/infocrep.cssdm.gouv.qc.ca\/enseignants\/avis-de-deces-7\/","title":{"rendered":"Avis de d\u00e9c\u00e8s"},"content":{"rendered":"<p>C\u2019est avec tristesse que nous vous annon\u00e7ons le d\u00e9c\u00e8s du p\u00e8re de Maryl\u00e8ne Bernier, notre directrice. Nous lui souhaitons tout le r\u00e9confort, le soutien, le courage et de la bienveillance dans ces moments difficiles. Au nom de toute l\u2019\u00e9quipe, nous lui transmettons nos condol\u00e9ances. Si vous souhaitez lui \u00e9crire personnellement, voici son courriel\u00a0:\u00a0<span style=\"color: #008080;\"><strong><a style=\"color: #008080;\" href=\"mailto:bernierma@csdm.qc.ca\">bernierma@csdm.qc.ca<\/a><\/strong><strong>.<\/strong><\/span><\/p>\n","protected":false},"excerpt":{"rendered":"<p>C\u2019est avec tristesse que nous vous annon\u00e7ons le d\u00e9c\u00e8s du p\u00e8re de Maryl\u00e8ne Bernier, notre directrice. Nous lui souhaitons tout&hellip;<\/p>\n","protected":false},"author":2,"featured_media":8219,"comment_status":"closed","ping_status":"closed","sticky":false,"template":"","format":"standard","meta":{"footnotes":""},"categories":[23,33],"tags":[],"class_list":["post-8218","post","type-post","status-publish","format-standard","has-post-thumbnail","hentry","category-a-la-une","category-communique"],"_links":{"self":[{"href":"https:\/\/infocrep.cssdm.gouv.qc.ca\/enseignants\/wp-json\/wp\/v2\/posts\/8218","targetHints":{"allow":["GET"]}}],"collection":[{"href":"https:\/\/infocrep.cssdm.gouv.qc.ca\/enseignants\/wp-json\/wp\/v2\/posts"}],"about":[{"href":"https:\/\/infocrep.cssdm.gouv.qc.ca\/enseignants\/wp-json\/wp\/v2\/types\/post"}],"author":[{"embeddable":true,"href":"https:\/\/infocrep.cssdm.gouv.qc.ca\/enseignants\/wp-json\/wp\/v2\/users\/2"}],"replies":[{"embeddable":true,"href":"https:\/\/infocrep.cssdm.gouv.qc.ca\/enseignants\/wp-json\/wp\/v2\/comments?post=8218"}],"version-history":[{"count":1,"href":"https:\/\/infocrep.cssdm.gouv.qc.ca\/enseignants\/wp-json\/wp\/v2\/posts\/8218\/revisions"}],"predecessor-version":[{"id":8220,"href":"https:\/\/infocrep.cssdm.gouv.qc.ca\/enseignants\/wp-json\/wp\/v2\/posts\/8218\/revisions\/8220"}],"wp:featuredmedia":[{"embeddable":true,"href":"https:\/\/infocrep.cssdm.gouv.qc.ca\/enseignants\/wp-json\/wp\/v2\/media\/8219"}],"wp:attachment":[{"href":"https:\/\/infocrep.cssdm.gouv.qc.ca\/enseignants\/wp-json\/wp\/v2\/media?parent=8218"}],"wp:term":[{"taxonomy":"category","embeddable":true,"href":"https:\/\/infocrep.cssdm.gouv.qc.ca\/enseignants\/wp-json\/wp\/v2\/categories?post=8218"},{"taxonomy":"post_tag","embeddable":true,"href":"https:\/\/infocrep.cssdm.gouv.qc.ca\/enseignants\/wp-json\/wp\/v2\/tags?post=8218"}],"curies":[{"name":"wp","href":"https:\/\/api.w.org\/{rel}","templated":true}]}}