{"id":8143,"date":"2024-05-03T09:18:23","date_gmt":"2024-05-03T13:18:23","guid":{"rendered":"https:\/\/infocrep.cssdm.gouv.qc.ca\/enseignants\/?p=8143"},"modified":"2024-05-03T09:22:35","modified_gmt":"2024-05-03T13:22:35","slug":"journee-pedagogique-du-8-mai","status":"publish","type":"post","link":"https:\/\/infocrep.cssdm.gouv.qc.ca\/enseignants\/journee-pedagogique-du-8-mai\/","title":{"rendered":"Journ\u00e9e p\u00e9dagogique du 8 mai"},"content":{"rendered":"<p>La journ\u00e9e p\u00e9dagogique du 8 mai sera consacr\u00e9e \u00e0 du travail de nature professionnelle. Voici la priorit\u00e9 de travail lors de cette journ\u00e9e:<\/p>\n<p>&nbsp;<\/p>\n<ul>\n<li><strong>R\u00e9alisation des bilans de la progression des apprentissages des \u00e9l\u00e8ves (traces) qui devront \u00eatre remis \u00e0 votre direction adjointe avant le 17 juin. <\/strong><\/li>\n<\/ul>\n<p><strong>\u00a0<\/strong><\/p>\n<p>Ce travail pourra s\u2019effectuer chez le partenaire, au CREP ou en t\u00e9l\u00e9travail. Notez que les professionnels seront disponibles au CREP pour du soutien. Les enseignants doivent \u00eatre disponibles sur TEAMS de <strong><u>8h45 \u00e0 15h15.<\/u><\/strong><\/p>\n<p>&nbsp;<\/p>\n<p><em>*Notez que les enseignants \u00e0 taux horaire ne sont pas r\u00e9mun\u00e9r\u00e9s lors des journ\u00e9es p\u00e9dagogiques lorsqu\u2019ils ne sont pas convoqu\u00e9s \u00e0 des rencontres, ce qui est le cas pr\u00e9sent.<\/em><\/p>\n","protected":false},"excerpt":{"rendered":"<p>La journ\u00e9e p\u00e9dagogique du 8 mai sera consacr\u00e9e \u00e0 du travail de nature professionnelle. Voici la priorit\u00e9 de travail lors&hellip;<\/p>\n","protected":false},"author":2,"featured_media":8144,"comment_status":"closed","ping_status":"closed","sticky":false,"template":"","format":"standard","meta":{"footnotes":""},"categories":[23,31],"tags":[],"class_list":["post-8143","post","type-post","status-publish","format-standard","has-post-thumbnail","hentry","category-a-la-une","category-bulletin"],"_links":{"self":[{"href":"https:\/\/infocrep.cssdm.gouv.qc.ca\/enseignants\/wp-json\/wp\/v2\/posts\/8143","targetHints":{"allow":["GET"]}}],"collection":[{"href":"https:\/\/infocrep.cssdm.gouv.qc.ca\/enseignants\/wp-json\/wp\/v2\/posts"}],"about":[{"href":"https:\/\/infocrep.cssdm.gouv.qc.ca\/enseignants\/wp-json\/wp\/v2\/types\/post"}],"author":[{"embeddable":true,"href":"https:\/\/infocrep.cssdm.gouv.qc.ca\/enseignants\/wp-json\/wp\/v2\/users\/2"}],"replies":[{"embeddable":true,"href":"https:\/\/infocrep.cssdm.gouv.qc.ca\/enseignants\/wp-json\/wp\/v2\/comments?post=8143"}],"version-history":[{"count":1,"href":"https:\/\/infocrep.cssdm.gouv.qc.ca\/enseignants\/wp-json\/wp\/v2\/posts\/8143\/revisions"}],"predecessor-version":[{"id":8145,"href":"https:\/\/infocrep.cssdm.gouv.qc.ca\/enseignants\/wp-json\/wp\/v2\/posts\/8143\/revisions\/8145"}],"wp:featuredmedia":[{"embeddable":true,"href":"https:\/\/infocrep.cssdm.gouv.qc.ca\/enseignants\/wp-json\/wp\/v2\/media\/8144"}],"wp:attachment":[{"href":"https:\/\/infocrep.cssdm.gouv.qc.ca\/enseignants\/wp-json\/wp\/v2\/media?parent=8143"}],"wp:term":[{"taxonomy":"category","embeddable":true,"href":"https:\/\/infocrep.cssdm.gouv.qc.ca\/enseignants\/wp-json\/wp\/v2\/categories?post=8143"},{"taxonomy":"post_tag","embeddable":true,"href":"https:\/\/infocrep.cssdm.gouv.qc.ca\/enseignants\/wp-json\/wp\/v2\/tags?post=8143"}],"curies":[{"name":"wp","href":"https:\/\/api.w.org\/{rel}","templated":true}]}}