{"id":7967,"date":"2024-03-19T14:45:47","date_gmt":"2024-03-19T18:45:47","guid":{"rendered":"https:\/\/infocrep.cssdm.gouv.qc.ca\/enseignants\/?p=7967"},"modified":"2024-03-19T14:45:47","modified_gmt":"2024-03-19T18:45:47","slug":"actualites-de-la-semaine-de-la-numeritheque-du-cssdm","status":"publish","type":"post","link":"https:\/\/infocrep.cssdm.gouv.qc.ca\/enseignants\/actualites-de-la-semaine-de-la-numeritheque-du-cssdm\/","title":{"rendered":"Actualit\u00e9s de la semaine de La\u00a0Num\u00e9rith\u00e8que\u00a0du CSSDM"},"content":{"rendered":"<p>Semaine du 18 mars<\/p>\n<p><strong>\ud83d\ude0e<\/strong><strong>\u00c0 ne pas manquer &#8211; Webinaire avec Charles Sol- \u00c9clipse solaire<\/strong><\/p>\n<p>Charles Sol, directeur p\u00e9dagogique d<span style=\"color: #008080;\">&lsquo;<a style=\"color: #008080;\" href=\"https:\/\/csdma.sharepoint.com\/sites\/Ladidacthquevirtuelle\/REN\/SitePages\/EduMedia.aspx?xsdata=MDV8MDJ8fDdmODliZTMzMTM1MjRkMTYyZTQ5MDhkYzM5MmVkNmYwfDZjZTZiMmQxNDYzNzRhMjNhYzdkMjU0M2I5NDc5NzFmfDB8MHw2Mzg0NDgxMjA1MTcxMTEzNjl8VW5rbm93bnxWR1ZoYlhOVFpXTjFjbWwwZVZObGNuWnBZMlY4ZXlKV0lqb2lNQzR3TGpBd01EQWlMQ0pRSWpvaVYybHVNeklpTENKQlRpSTZJazkwYUdWeUlpd2lWMVFpT2pFeGZRPT18MXxMM1JsWVcxekx6RTVPbU13WldJd1lXTTJPVE01T0RRMllqTmhNR1EzWm1ZMVpUbG1OemRrWkRFNVFIUm9jbVZoWkM1MFlXTjJNaTlqYUdGdWJtVnNjeTh4T1RwaE0yVTJOMlZoTWprME5XVTBPRFE0WVdZNFlXTXdObU0wTmpNek9USTBNa0IwYUhKbFlXUXVkR0ZqZGpJdmJXVnpjMkZuWlhNdk1UY3dPVEV6TlRVNE16Z3lNdz09fGE3MmY5ZmY1OGNjYzQzODkyZTQ5MDhkYzM5MmVkNmYwfDk0ODBmMDQwY2Q0NjQzY2Q5MDZjZGJmNmQwMmQ3ZDU0&amp;sdata=UXRNd1JldWI4V2ZEaHJvR25GR052UEZENTJicU9DcXQzSy9VMGZWNEc0WT0%3D&amp;ovuser=6ce6b2d1-4637-4a23-ac7d-2543b947971f%2Cducharmema%40csdm.qc.ca\">eduMedia<\/a>,<\/span> REN offerte par le CSSDM est aussi dipl\u00f4m\u00e9 en astrophysique et techniques spatiales. En m\u00eame temps qu&rsquo;il nous expliquera la science cach\u00e9e derri\u00e8re l&rsquo;\u00e9clipse, il pr\u00e9sentera quelques pistes de projets p\u00e9dagogiques pour aborder l&rsquo;\u00e9clipse en classe autant au primaire qu&rsquo;au secondaire.<\/p>\n<p><strong>C&rsquo;est un rendez-vous ici: <\/strong><span style=\"color: #008080;\"><a style=\"color: #008080;\" href=\"https:\/\/teams.microsoft.com\/l\/message\/19:c0eb0ac6939846b3a0d7ff5e9f77dd19@thread.tacv2\/1710863098594?tenantId=6ce6b2d1-4637-4a23-ac7d-2543b947971f&amp;groupId=f7f6005c-5681-45c3-90f5-2a3bf03dd86f&amp;parentMessageId=1710863098594&amp;teamName=La%20Num%C3%A9rith%C3%A8que%20CSSDM&amp;channelName=General&amp;createdTime=1710863098594\">Ducharme Mariane : Webinaire &#8211; \u00c9clipse solaire<\/a><\/span><\/p>\n<p>&nbsp;<\/p>\n<p><strong>\ud83d\udcbb<\/strong><strong>Aides technologiques<\/strong><\/p>\n<p>Vous \u00eates invit\u00e9s \u00e0 consulter cette nouvelle page su<span style=\"color: #008080;\">r <\/span><a href=\"https:\/\/csdma.sharepoint.com\/:u:\/r\/sites\/Ladidacthquevirtuelle\/aidestechnospourl_apprentissage\/SitePages\/Accessibilite_des_documents.aspx?csf=1&amp;web=1&amp;e=RmrkbN&amp;xsdata=MDV8MDJ8fDgwOWI3NjNhY2NkMTQ3MDhiYzM2MDhkYzQxZWViYjY4fDZjZTZiMmQxNDYzNzRhMjNhYzdkMjU0M2I5NDc5NzFmfDB8MHw2Mzg0NTc3NDA3ODE5OTMwMTR8VW5rbm93bnxWR1ZoYlhOVFpXTjFjbWwwZVZObGNuWnBZMlY4ZXlKV0lqb2lNQzR3TGpBd01EQWlMQ0pRSWpvaVYybHVNeklpTENKQlRpSTZJazkwYUdWeUlpd2lWMVFpT2pFeGZRPT18MXxMM1JsWVcxekx6RTVPbU13WldJd1lXTTJPVE01T0RRMllqTmhNR1EzWm1ZMVpUbG1OemRrWkRFNVFIUm9jbVZoWkM1MFlXTjJNaTlqYUdGdWJtVnNjeTh4T1RwaE0yVTJOMlZoTWprME5XVTBPRFE0WVdZNFlXTXdObU0wTmpNek9USTBNa0IwYUhKbFlXUXVkR0ZqZGpJdmJXVnpjMkZuWlhNdk1UY3hNREUzTnpJM056VTNNUT09fDg4MGYyYWE3YWExZjRjODViYzM2MDhkYzQxZWViYjY4fDM5ZWJjYjViMDJiZTQ4NmJhYjBhYTQwNTdlMjQ0YTY2&amp;sdata=elc1VnZYbjRFMFdTUkhxYWw4Q2gzK01Qa0RXVkU3TnVrVmdEMkxTRzZFST0%3D&amp;ovuser=6ce6b2d1-4637-4a23-ac7d-2543b947971f%2Cducharmema%40csdm.qc.ca\"><span style=\"color: #008080;\">l&rsquo;Accessibilit\u00e9 des documents<\/span><\/a> dans la section des Aides technos pour l&rsquo;apprentissage.<\/p>\n<p>&nbsp;<\/p>\n<p><strong>\ud83d\udcda<\/strong><strong>Des nouvelles de vos biblioth\u00e9caires &#8211; Nouvelles dates des webinaires sur la culture informationnelle pour les \u00e9l\u00e8ves<\/strong><\/p>\n<p>Pour qui ?\u00a0 Les \u00e9l\u00e8ves du secondaire 1 et secondaire 2.<\/p>\n<p>Chaque formation comprend 2 rencontres Teams.<br \/>\nLes enseignant.es peuvent choisir parmi une ou plusieurs des formations suivantes :<br \/>\n&#8211; G\u00e8re ta recherche d\u2019information\u00a0 \u00a0 \u00a0 : \u00a0(2 et 4 avril)<span style=\"color: #008080;\"> <a style=\"color: #008080;\" href=\"https:\/\/forms.office.com\/r\/m5dhKsPWZz?origin=lprLink\">S\u2019inscrire ici<\/a><\/span><br \/>\n&#8211; Vie priv\u00e9e et r\u00e9putation num\u00e9rique\u00a0: \u00a0( 9 et 11 avril) <span style=\"color: #008080;\"><a style=\"color: #008080;\" href=\"https:\/\/forms.office.com\/r\/J4pZJK5n0B?origin=lprLink\">S\u2019inscrire ici<\/a><\/span><br \/>\n&#8211; Utiliser l\u2019information de fa\u00e7on \u00e9thique (16 et 18 avril) <span style=\"color: #008080;\"><a style=\"color: #008080;\" href=\"https:\/\/forms.office.com\/r\/AJYSgdwzBJ?origin=lprLink\">S\u2019inscrire ici<\/a><\/span><br \/>\n&#8211; Reste r\u00e9glo sur les m\u00e9dias sociaux (30 avril et 2 mai) <span style=\"color: #008080;\"><a style=\"color: #008080;\" href=\"https:\/\/forms.office.com\/r\/GPynfz72Hx?origin=lprLink\">S\u2019inscrire ici<\/a><\/span><br \/>\n&#8211; D\u00e9sinformation : d\u00e9tecte les infos louches ! (7 et 9 mai) <span style=\"color: #008080;\"><a style=\"color: #008080;\" href=\"https:\/\/forms.office.com\/r\/sxZQyVU9wP?origin=lprLink\">S\u2019inscrire ici<\/a><\/span><\/p>\n<p>Pour plus d\u2019information<span style=\"color: #008080;\">\u00a0<a style=\"color: #008080;\" href=\"https:\/\/www.canva.com\/design\/DAF_ahfvj3c\/064OoATV2HubCOgwRexiHg\/view?utm_content=DAF_ahfvj3c&amp;utm_campaign=designshare&amp;utm_medium=link&amp;utm_source=editor\">cliquez ici<\/a><\/span><br \/>\n\ud83d\udc49Si les horaires ne vous conviennent pas, il est possible de trouver un autre cr\u00e9neau horaire adapt\u00e9 \u00e0 vos besoins ! Pour cela et pour toute autre question contactez\u00a0<a href=\"mailto:guzman.h@csdm.qc.ca\">Heidy Guzman<\/a>.<\/p>\n<p>&nbsp;<\/p>\n<p><strong>Guide d&rsquo;int\u00e9gration des technologies \u00e9ducatives<\/strong><\/p>\n<p>L\u2019Association des entreprises pour le d\u00e9veloppement des technologies \u00e9ducatives au Qu\u00e9bec (Edteq) d\u00e9sire offrir au milieu \u00e9ducatif qu\u00e9b\u00e9cois un guide pour l\u2019appropriation, l\u2019implantation et l\u2019int\u00e9gration des technologies \u00e9ducatives en classe et pr\u00e9parer les \u00e9l\u00e8ves aux exigences du 21e \u00a0si\u00e8cle. Suivez le<span style=\"color: #008080;\"> <a style=\"color: #008080;\" href=\"https:\/\/www.edteq.ca\/wp-content\/uploads\/2024\/03\/Guide-integration-technos-educatives-V1-mars-2024-.pdf\"><strong>guide<\/strong><\/a>!<\/span><\/p>\n<p>&nbsp;<\/p>\n<p>La\u00a0Num\u00e9rith\u00e8que\u00a0CSSDM!<\/p>\n<p>&nbsp;<\/p>\n<h4><strong><span class=\"ui-provider a b c d e f g h i j k l m n o p q r s t u v w x y z ab ac ae af ag ah ai aj ak\" dir=\"ltr\" style=\"color: #008080;\"><a class=\"fui-Link ___1rxvrpe f2hkw1w f3rmtva f1ewtqcl fyind8e f1k6fduh f1w7gpdv fk6fouc fjoy568 figsok6 f1hu3pq6 f11qmguv f19f4twv f1tyq0we f1g0x7ka fhxju0i f1qch9an f1cnd47f fqv5qza f1vmzxwi f1o700av f13mvf36 f1cmlufx f9n3di6 f1ids18y f1tx3yz7 f1deo86v f1eh06m1 f1iescvh fhgqx19 f1olyrje f1p93eir f1nev41a f1h8hb77 f1lqvz6u f10aw75t fsle3fq f17ae5zn\" style=\"color: #008080;\" title=\"https:\/\/csdma.sharepoint.com\/:u:\/r\/sites\/ladidacthquevirtuelle\/sitepages\/page-d%27accueil.aspx?csf=1&amp;web=1&amp;e=cccmrb&amp;xsdata=mdv8mdj8fdcymzmxnjhhntm4yzqwmjk4owe5mdhkyzq4ndmwnmuxfdzjztzimmqxndyznzrhmjnhyzdkmju0m2i5ndc5nzfmfdb8mhw2mzg0njq2otk4otuymja2ndl8vw5rbm93bnxwr1zoylhovfpxtjfjbwwwzvzobgnuwnbzmly4zxlkv0lqb2lnqzr3tgpbd01eqwlmq0prswpvavyybhvneklptenkqlrpstzjazkwyudweulpd2lwmvfpt2pfegzrpt18mxxmmk5vwvhsekx6rtvpakf5wmpvek5ea3hmv1kyturrde5ewxhzatfptnpfeuxxsmlov015wvdvnfpuvxlarjgztnprnfpqwxhaqzaytkrcakxuumpav1v0wwpjmu1dmdnorfprt0rfevl6agpnaljbzfc1eextzgliqzv6y0dgalpytxziv1z6yzjgblpytxznvgn4turnm016rtrprfkxtve9pxw0zwzkyjcxy2m1y2q0n2rjmjc0nta4zgm0odqzmdzkznw1yzi5ngewmjgyztu0mwrkodk3mme0njy0nmi4ntzhyq%3d%3d&amp;sdata=s1orm1nfm3zgwlvjzwnya3bjrfftbfrtqvjlemvrvytsvnpytdvrz1a4bz0%3d&amp;ovuser=6ce6b2d1-4637-4a23-ac7d-2543b947971f%2cgagnon.ani%40csdm.qc.ca\" href=\"https:\/\/csdma.sharepoint.com\/:u:\/r\/sites\/Ladidacthquevirtuelle\/SitePages\/Page-d%27accueil.aspx?csf=1&amp;web=1&amp;e=cccMrB&amp;xsdata=MDV8MDJ8fDcyMzMxNjhhNTM4YzQwMjk4OWE5MDhkYzQ4NDMwNmUxfDZjZTZiMmQxNDYzNzRhMjNhYzdkMjU0M2I5NDc5NzFmfDB8MHw2Mzg0NjQ2OTk4OTUyMjA2NDl8VW5rbm93bnxWR1ZoYlhOVFpXTjFjbWwwZVZObGNuWnBZMlY4ZXlKV0lqb2lNQzR3TGpBd01EQWlMQ0pRSWpvaVYybHVNeklpTENKQlRpSTZJazkwYUdWeUlpd2lWMVFpT2pFeGZRPT18MXxMMk5vWVhSekx6RTVPakF5WmpVek5Ea3hMV1kyTURRdE5EWXhZaTFpTnpFeUxXSmlOV015WVdVNFpUVXlaRjgzTnprNFpqWXhaQzAyTkRCakxUUmpaV1V0WWpjMU1DMDNORFprT0RFeVl6aGpNalJBZFc1eExtZGliQzV6Y0dGalpYTXZiV1Z6YzJGblpYTXZNVGN4TURnM016RTRPRFkxTVE9PXw0ZWZkYjcxY2M1Y2Q0N2RjMjc0NTA4ZGM0ODQzMDZkZnw1YzI5NGEwMjgyZTU0MWRkODk3MmE0NjY0NmI4NTZhYQ%3D%3D&amp;sdata=S1orM1NFM3ZGWlVJZWNYa3BJRFFTbFRTQVJLemVRVytsVnpYTDVrZ1A4bz0%3D&amp;ovuser=6ce6b2d1-4637-4a23-ac7d-2543b947971f%2Cgagnon.ani%40csdm.qc.ca\" target=\"_blank\" rel=\"noreferrer noopener\" aria-label=\"Lien Accueil Num\u00e9rith\u00e8que\">Pour avoir plus de d\u00e9tails rendez-vous sur la page : Accueil Num\u00e9rith\u00e8que<\/a> ICI<\/span><\/strong><\/h4>\n","protected":false},"excerpt":{"rendered":"<p>Semaine du 18 mars \ud83d\ude0e\u00c0 ne pas manquer &#8211; Webinaire avec Charles Sol- \u00c9clipse solaire Charles Sol, directeur p\u00e9dagogique d&lsquo;eduMedia,&hellip;<\/p>\n","protected":false},"author":2,"featured_media":7968,"comment_status":"closed","ping_status":"closed","sticky":false,"template":"","format":"standard","meta":{"footnotes":""},"categories":[23,33,15,20,12],"tags":[],"class_list":["post-7967","post","type-post","status-publish","format-standard","has-post-thumbnail","hentry","category-a-la-une","category-communique","category-enseignants","category-pedagogie","category-technopedagogie"],"_links":{"self":[{"href":"https:\/\/infocrep.cssdm.gouv.qc.ca\/enseignants\/wp-json\/wp\/v2\/posts\/7967","targetHints":{"allow":["GET"]}}],"collection":[{"href":"https:\/\/infocrep.cssdm.gouv.qc.ca\/enseignants\/wp-json\/wp\/v2\/posts"}],"about":[{"href":"https:\/\/infocrep.cssdm.gouv.qc.ca\/enseignants\/wp-json\/wp\/v2\/types\/post"}],"author":[{"embeddable":true,"href":"https:\/\/infocrep.cssdm.gouv.qc.ca\/enseignants\/wp-json\/wp\/v2\/users\/2"}],"replies":[{"embeddable":true,"href":"https:\/\/infocrep.cssdm.gouv.qc.ca\/enseignants\/wp-json\/wp\/v2\/comments?post=7967"}],"version-history":[{"count":1,"href":"https:\/\/infocrep.cssdm.gouv.qc.ca\/enseignants\/wp-json\/wp\/v2\/posts\/7967\/revisions"}],"predecessor-version":[{"id":7969,"href":"https:\/\/infocrep.cssdm.gouv.qc.ca\/enseignants\/wp-json\/wp\/v2\/posts\/7967\/revisions\/7969"}],"wp:featuredmedia":[{"embeddable":true,"href":"https:\/\/infocrep.cssdm.gouv.qc.ca\/enseignants\/wp-json\/wp\/v2\/media\/7968"}],"wp:attachment":[{"href":"https:\/\/infocrep.cssdm.gouv.qc.ca\/enseignants\/wp-json\/wp\/v2\/media?parent=7967"}],"wp:term":[{"taxonomy":"category","embeddable":true,"href":"https:\/\/infocrep.cssdm.gouv.qc.ca\/enseignants\/wp-json\/wp\/v2\/categories?post=7967"},{"taxonomy":"post_tag","embeddable":true,"href":"https:\/\/infocrep.cssdm.gouv.qc.ca\/enseignants\/wp-json\/wp\/v2\/tags?post=7967"}],"curies":[{"name":"wp","href":"https:\/\/api.w.org\/{rel}","templated":true}]}}