{"id":7489,"date":"2023-11-27T11:59:58","date_gmt":"2023-11-27T16:59:58","guid":{"rendered":"https:\/\/infocrep.cssdm.gouv.qc.ca\/enseignants\/?p=7489"},"modified":"2023-11-27T11:59:58","modified_gmt":"2023-11-27T16:59:58","slug":"congres-institut-des-troubles-dapprentissage","status":"publish","type":"post","link":"https:\/\/infocrep.cssdm.gouv.qc.ca\/enseignants\/congres-institut-des-troubles-dapprentissage\/","title":{"rendered":"Congr\u00e8s Institut des troubles d&rsquo;apprentissage"},"content":{"rendered":"<p>Les inscriptions au <strong>49e Congr\u00e8s en \u00e9ducation inclusive<\/strong> sont maintenant ouvertes.<\/p>\n<ul>\n<li><strong>Quand?<\/strong>\n<ul>\n<li>En direct les 20, 21 et 22 mars 2024 + 30 jours de rediffusion<\/li>\n<\/ul>\n<\/li>\n<li><strong>Th\u00e9matiques<\/strong>\n<ul>\n<li>Pratiques inclusives<\/li>\n<li>Neuro\u00e9ducation<\/li>\n<li>Engagement et motivation<\/li>\n<\/ul>\n<\/li>\n<li><strong>Programme <\/strong>\n<ul>\n<li>85 conf\u00e9rences avec plus de 100 experts et praticiens<\/li>\n<li><strong>Pour tous<\/strong> : enseignant, orthop\u00e9dagogue, conseiller p\u00e9dagogique, cadre scolaire ou tout autre professionnel du monde de l\u2019\u00e9ducation et de la sant\u00e9.<\/li>\n<li><strong>Pour tous les niveaux<\/strong> : pr\u00e9scolaire, primaire, secondaire, FP\/FGA et post-secondaire.<\/li>\n<li><strong>100% en ligne<\/strong><\/li>\n<\/ul>\n<\/li>\n<li><strong>Accessibilit\u00e9 <\/strong>\n<ul>\n<li>Acc\u00e8s \u00e0 toutes les conf\u00e9rences, aucun choix \u00e0 faire \u00e0 l\u2019avance!<\/li>\n<li>30 jours de rediffusion sur l\u2019ensemble des conf\u00e9rences.<\/li>\n<\/ul>\n<\/li>\n<\/ul>\n<p>&nbsp;<\/p>\n<h4><span style=\"color: #008080;\"><strong><a style=\"color: #008080;\" href=\"https:\/\/drive.google.com\/file\/d\/1j77vkTL0o9TtnaBRS4TGZXLTODVzCjL3\/view\" target=\"_blank\" rel=\"noopener\">Pour voir la programmation cliquez ICI.<\/a><\/strong><\/span><\/h4>\n<h4><span style=\"color: #008080;\"><strong><a style=\"color: #008080;\" href=\"https:\/\/institutta.typeform.com\/Congres2024-1?&amp;utm_source=newsletter&amp;utm_medium=email&amp;utm_campaign=congres-2024&amp;utm_content=insc-ind\" target=\"_blank\" rel=\"noopener\">Pour vous inscrire cliquez ICI.<\/a><\/strong><\/span><\/h4>\n<p>&nbsp;<\/p>\n","protected":false},"excerpt":{"rendered":"<p>Les inscriptions au 49e Congr\u00e8s en \u00e9ducation inclusive sont maintenant ouvertes. Quand? En direct les 20, 21 et 22 mars&hellip;<\/p>\n","protected":false},"author":2,"featured_media":7490,"comment_status":"closed","ping_status":"closed","sticky":false,"template":"","format":"standard","meta":{"footnotes":""},"categories":[23,42,33],"tags":[],"class_list":["post-7489","post","type-post","status-publish","format-standard","has-post-thumbnail","hentry","category-a-la-une","category-colloque","category-communique"],"_links":{"self":[{"href":"https:\/\/infocrep.cssdm.gouv.qc.ca\/enseignants\/wp-json\/wp\/v2\/posts\/7489","targetHints":{"allow":["GET"]}}],"collection":[{"href":"https:\/\/infocrep.cssdm.gouv.qc.ca\/enseignants\/wp-json\/wp\/v2\/posts"}],"about":[{"href":"https:\/\/infocrep.cssdm.gouv.qc.ca\/enseignants\/wp-json\/wp\/v2\/types\/post"}],"author":[{"embeddable":true,"href":"https:\/\/infocrep.cssdm.gouv.qc.ca\/enseignants\/wp-json\/wp\/v2\/users\/2"}],"replies":[{"embeddable":true,"href":"https:\/\/infocrep.cssdm.gouv.qc.ca\/enseignants\/wp-json\/wp\/v2\/comments?post=7489"}],"version-history":[{"count":1,"href":"https:\/\/infocrep.cssdm.gouv.qc.ca\/enseignants\/wp-json\/wp\/v2\/posts\/7489\/revisions"}],"predecessor-version":[{"id":7491,"href":"https:\/\/infocrep.cssdm.gouv.qc.ca\/enseignants\/wp-json\/wp\/v2\/posts\/7489\/revisions\/7491"}],"wp:featuredmedia":[{"embeddable":true,"href":"https:\/\/infocrep.cssdm.gouv.qc.ca\/enseignants\/wp-json\/wp\/v2\/media\/7490"}],"wp:attachment":[{"href":"https:\/\/infocrep.cssdm.gouv.qc.ca\/enseignants\/wp-json\/wp\/v2\/media?parent=7489"}],"wp:term":[{"taxonomy":"category","embeddable":true,"href":"https:\/\/infocrep.cssdm.gouv.qc.ca\/enseignants\/wp-json\/wp\/v2\/categories?post=7489"},{"taxonomy":"post_tag","embeddable":true,"href":"https:\/\/infocrep.cssdm.gouv.qc.ca\/enseignants\/wp-json\/wp\/v2\/tags?post=7489"}],"curies":[{"name":"wp","href":"https:\/\/api.w.org\/{rel}","templated":true}]}}