{"id":7384,"date":"2023-10-26T15:46:53","date_gmt":"2023-10-26T19:46:53","guid":{"rendered":"https:\/\/infocrep.cssdm.gouv.qc.ca\/enseignants\/?p=7384"},"modified":"2023-10-27T14:06:39","modified_gmt":"2023-10-27T18:06:39","slug":"eleves-recherches-pour-sieger-au-conseil-detablissement-du-crep-2","status":"publish","type":"post","link":"https:\/\/infocrep.cssdm.gouv.qc.ca\/enseignants\/eleves-recherches-pour-sieger-au-conseil-detablissement-du-crep-2\/","title":{"rendered":"\u00c9l\u00e8ves recherch\u00e9s pour si\u00e9ger\u00a0au conseil d&rsquo;\u00e9tablissement du CREP"},"content":{"rendered":"<p><span style=\"color: #ff0000;\">Lettre adress\u00e9e aux \u00e9l\u00e8ves t\u00e9l\u00e9chargeable<\/span><\/p>\n<p>Bonjour,<br \/>\nNous sommes \u00e0 la recherche d&rsquo;\u00e9l\u00e8ves qui souhaiteraient participer au conseil d&rsquo;\u00e9tablissement du CREP afin de compl\u00e9ter la\u00a0composition du conseil.<span style=\"color: #008080;\">\u00a0<strong><a style=\"color: #008080;\" href=\"https:\/\/infocrep.cssdm.gouv.qc.ca\/wp-content\/uploads\/2023\/10\/Lettre_aux_eleves-CE_CREP-2.pdf\">Vous\u00a0trouverez en cliquant sur ce lien\u00a0une lettre\u00a0que vous pourrez\u00a0transf\u00e9rer \u00e0 vos \u00e9l\u00e8ves<\/a><\/strong><\/span>, imprimer pour l&rsquo;affichage ou simplement lire en classe, afin de susciter des candidatures. Je recevrai\u00a0les noms des \u00e9l\u00e8ves int\u00e9ress\u00e9s,<strong> au plus tard le jeudi 2 novembre.<\/strong>\u00a0Veuillez\u00a0me\u00a0transmettre les candidatures des \u00e9l\u00e8ves\u00a0en pr\u00e9cisant le nom de l\u2019\u00e9l\u00e8ve, le programme et l\u2019organisme.<\/p>\n<p>Merci de votre collaboration,<\/p>\n<p>&nbsp;<\/p>\n<p>Maryl\u00e8ne Bernier<br \/>\nDirectrice<\/p>\n<p><span style=\"color: #008080;\"><a style=\"color: #008080;\" href=\"mailto:bernierma@csdm.qc.ca\" target=\"_blank\" rel=\"noopener\">bernierma@csdm.qc.ca<\/a><\/span><\/p>\n<p>&nbsp;<\/p>\n","protected":false},"excerpt":{"rendered":"<p>Lettre adress\u00e9e aux \u00e9l\u00e8ves t\u00e9l\u00e9chargeable Bonjour, Nous sommes \u00e0 la recherche d&rsquo;\u00e9l\u00e8ves qui souhaiteraient participer au conseil d&rsquo;\u00e9tablissement du CREP&hellip;<\/p>\n","protected":false},"author":2,"featured_media":7385,"comment_status":"closed","ping_status":"closed","sticky":false,"template":"","format":"standard","meta":{"footnotes":""},"categories":[23,33],"tags":[],"class_list":["post-7384","post","type-post","status-publish","format-standard","has-post-thumbnail","hentry","category-a-la-une","category-communique"],"_links":{"self":[{"href":"https:\/\/infocrep.cssdm.gouv.qc.ca\/enseignants\/wp-json\/wp\/v2\/posts\/7384","targetHints":{"allow":["GET"]}}],"collection":[{"href":"https:\/\/infocrep.cssdm.gouv.qc.ca\/enseignants\/wp-json\/wp\/v2\/posts"}],"about":[{"href":"https:\/\/infocrep.cssdm.gouv.qc.ca\/enseignants\/wp-json\/wp\/v2\/types\/post"}],"author":[{"embeddable":true,"href":"https:\/\/infocrep.cssdm.gouv.qc.ca\/enseignants\/wp-json\/wp\/v2\/users\/2"}],"replies":[{"embeddable":true,"href":"https:\/\/infocrep.cssdm.gouv.qc.ca\/enseignants\/wp-json\/wp\/v2\/comments?post=7384"}],"version-history":[{"count":2,"href":"https:\/\/infocrep.cssdm.gouv.qc.ca\/enseignants\/wp-json\/wp\/v2\/posts\/7384\/revisions"}],"predecessor-version":[{"id":7387,"href":"https:\/\/infocrep.cssdm.gouv.qc.ca\/enseignants\/wp-json\/wp\/v2\/posts\/7384\/revisions\/7387"}],"wp:featuredmedia":[{"embeddable":true,"href":"https:\/\/infocrep.cssdm.gouv.qc.ca\/enseignants\/wp-json\/wp\/v2\/media\/7385"}],"wp:attachment":[{"href":"https:\/\/infocrep.cssdm.gouv.qc.ca\/enseignants\/wp-json\/wp\/v2\/media?parent=7384"}],"wp:term":[{"taxonomy":"category","embeddable":true,"href":"https:\/\/infocrep.cssdm.gouv.qc.ca\/enseignants\/wp-json\/wp\/v2\/categories?post=7384"},{"taxonomy":"post_tag","embeddable":true,"href":"https:\/\/infocrep.cssdm.gouv.qc.ca\/enseignants\/wp-json\/wp\/v2\/tags?post=7384"}],"curies":[{"name":"wp","href":"https:\/\/api.w.org\/{rel}","templated":true}]}}