{"id":7358,"date":"2023-10-17T08:57:42","date_gmt":"2023-10-17T12:57:42","guid":{"rendered":"https:\/\/infocrep.cssdm.gouv.qc.ca\/enseignants\/?p=7358"},"modified":"2023-10-17T11:01:19","modified_gmt":"2023-10-17T15:01:19","slug":"journee-du-numerique-en-education","status":"publish","type":"post","link":"https:\/\/infocrep.cssdm.gouv.qc.ca\/enseignants\/journee-du-numerique-en-education\/","title":{"rendered":"Journ\u00e9e du num\u00e9rique en \u00e9ducation"},"content":{"rendered":"<div id=\"c228917\" class=\" frame frame-default frame-type-textmedia frame-layout-0\">\n<h2 class=\"\">Pr\u00e9sentation de la cinqui\u00e8me \u00e9dition de la journ\u00e9e du num\u00e9rique en \u00e9ducation<\/h2>\n<div class=\"ce-textpic ce-left ce-above\">\n<div class=\"ce-bodytext\">\n<p>La Journ\u00e9e du num\u00e9rique en \u00e9ducation (JN\u00c9) est une journ\u00e9e de formations et d\u2019activit\u00e9s sans frais visant le d\u00e9veloppement de la comp\u00e9tence num\u00e9rique au b\u00e9n\u00e9fice des participants et des \u00e9l\u00e8ves. Elle s\u2019adresse \u00e0 tout le personnel enseignant, les conseill\u00e8res et conseillers p\u00e9dagogiques, les gestionnaires scolaires ainsi qu\u2019aux \u00e9tudiants en enseignement.<\/p>\n<h3>Quand<\/h3>\n<p>Le vendredi 3<span class=\"nbsp\">\u00a0<\/span>novembre 2023, de 8<span class=\"nbsp\">\u00a0<\/span>h<span class=\"nbsp\">\u00a0<\/span>15 \u00e0 15<span class=\"nbsp\">\u00a0<\/span>h<span class=\"nbsp\">\u00a0<\/span>45<\/p>\n<h3>O\u00f9<\/h3>\n<p>Deux formules disponibles<span class=\"nbsp\">\u00a0<\/span>:<\/p>\n<ul>\n<li>En pr\u00e9sence, au\u00a0<span style=\"color: #008080;\"><strong><a style=\"color: #008080;\" href=\"https:\/\/www.google.ca\/maps\/place\/Centre+de+congr%C3%A8s+de+Saint-Hyacinthe\/@45.639097,-72.967048,15z\/data=!4m2!3m1!1s0x0:0x9414da99b2112902?sa=X&amp;ved=2ahUKEwjksorNibyBAxVOK1kFHVmfCRMQ_BJ6BAhLEAA&amp;hl=fr&amp;ved=2ahUKEwjksorNibyBAxVOK1kFHVmfCRMQ_BJ6BAheEAg\" target=\"_blank\" rel=\"noopener noreferrer\">Centre de\u00a0congr\u00e8s de\u00a0<span class=\"text-nowrap\">Saint-Hyacinthe\u00a0<img decoding=\"async\" class=\"linkExtImg\" src=\"https:\/\/www.quebec.ca\/typo3conf\/ext\/gabarit_pgu\/Resources\/Public\/Images\/Templates\/lien-externe.svg\" alt=\"Cet hyperlien s'ouvrira dans une nouvelle fen\u00eatre.\" width=\"18\" height=\"18\" \/><\/span><\/a><\/strong><\/span><\/li>\n<li>\u00c0 distance, sur la plateforme de diffusion<\/li>\n<\/ul>\n<h3>Comment s\u2019inscrire<\/h3>\n<p>L\u2019inscription \u00e0 l\u2019\u00e9v\u00e9nement se fait en deux \u00e9tapes, sur la\u00a0<strong><span style=\"color: #008080;\"><a style=\"color: #008080;\" href=\"https:\/\/jne2023.eventbrite.ca\/\" target=\"_blank\" rel=\"noopener noreferrer\">plateforme\u00a0<span class=\"text-nowrap\">Eventbrite\u00a0<img decoding=\"async\" class=\"linkExtImg\" src=\"https:\/\/www.quebec.ca\/typo3conf\/ext\/gabarit_pgu\/Resources\/Public\/Images\/Templates\/lien-externe.svg\" alt=\"Cet hyperlien s'ouvrira dans une nouvelle fen\u00eatre.\" width=\"18\" height=\"18\" \/><\/span><\/a><span class=\"nbsp\">\u00a0<\/span>:<\/span><\/strong><\/p>\n<ol>\n<li>S\u00e9lectionnez la formule \u00e0 laquelle vous souhaitez participer,\u00a0<strong>en pr\u00e9sentiel<\/strong>\u00a0ou\u00a0<strong>\u00e0 distance<\/strong>.<\/li>\n<li>Puis, choisissez les ateliers auxquels vous d\u00e9sirez assister afin de compl\u00e9ter votre inscription.<\/li>\n<\/ol>\n<p>Les inscriptions se terminent<span class=\"nbsp\">\u00a0<\/span>:<\/p>\n<ul>\n<li>le\u00a0<strong>22 octobre<\/strong>\u00a0\u00e0 23 h 59 pour les\u00a0<strong>ateliers en pr\u00e9sentiel<\/strong>;<\/li>\n<li>le\u00a0<strong>31 octobre<\/strong>\u00a0\u00e0 23 h 59 pour les\u00a0<strong>ateliers \u00e0 distance<\/strong>.<\/li>\n<\/ul>\n<p>Une fois les \u00e9tapes compl\u00e9t\u00e9es, vous recevrez un courriel de confirmation de la part d\u2019<em>Eventbrite<\/em>.<\/p>\n<p>Quelques jours avant la tenue de l\u2019\u00e9v\u00e9nement, un courriel vous permettant d\u2019acc\u00e9der aux ateliers choisis vous sera transmis.<\/p>\n<h3>Pourquoi<\/h3>\n<ul>\n<li>Pour s\u2019inspirer, r\u00e9seauter et partager;<\/li>\n<li>Pour susciter l\u2019innovation p\u00e9dagogique;<\/li>\n<li>Pour favoriser l\u2019utilisation des outils num\u00e9riques \u00e0 des fins p\u00e9dagogiques.<\/li>\n<\/ul>\n<\/div>\n<\/div>\n<\/div>\n<div id=\"c229772\" class=\" frame frame-default frame-type-textmedia frame-layout-0\">\n<h2 class=\"\">D\u00e9veloppement professionnel<\/h2>\n<div class=\"ce-textpic ce-left ce-above\">\n<div class=\"ce-bodytext\">\n<p>Votre participation \u00e0 la JN\u00c9 V peut contribuer au d\u00e9veloppement de la comp\u00e9tence 12\u00a0<em>Mobiliser le num\u00e9rique<\/em>, inscrite au R\u00e9f\u00e9rentiel de comp\u00e9tences professionnelles de la profession enseignante.<\/p>\n<p>Vous pouvez inscrire cette journ\u00e9e de d\u00e9veloppement professionnel \u00e0 votre plan de formation continue.<\/p>\n<\/div>\n<\/div>\n<\/div>\n","protected":false},"excerpt":{"rendered":"<p>Pr\u00e9sentation de la cinqui\u00e8me \u00e9dition de la journ\u00e9e du num\u00e9rique en \u00e9ducation La Journ\u00e9e du num\u00e9rique en \u00e9ducation (JN\u00c9) est&hellip;<\/p>\n","protected":false},"author":2,"featured_media":7359,"comment_status":"closed","ping_status":"closed","sticky":false,"template":"","format":"standard","meta":{"footnotes":""},"categories":[23,33,15,12],"tags":[],"class_list":["post-7358","post","type-post","status-publish","format-standard","has-post-thumbnail","hentry","category-a-la-une","category-communique","category-enseignants","category-technopedagogie"],"_links":{"self":[{"href":"https:\/\/infocrep.cssdm.gouv.qc.ca\/enseignants\/wp-json\/wp\/v2\/posts\/7358","targetHints":{"allow":["GET"]}}],"collection":[{"href":"https:\/\/infocrep.cssdm.gouv.qc.ca\/enseignants\/wp-json\/wp\/v2\/posts"}],"about":[{"href":"https:\/\/infocrep.cssdm.gouv.qc.ca\/enseignants\/wp-json\/wp\/v2\/types\/post"}],"author":[{"embeddable":true,"href":"https:\/\/infocrep.cssdm.gouv.qc.ca\/enseignants\/wp-json\/wp\/v2\/users\/2"}],"replies":[{"embeddable":true,"href":"https:\/\/infocrep.cssdm.gouv.qc.ca\/enseignants\/wp-json\/wp\/v2\/comments?post=7358"}],"version-history":[{"count":1,"href":"https:\/\/infocrep.cssdm.gouv.qc.ca\/enseignants\/wp-json\/wp\/v2\/posts\/7358\/revisions"}],"predecessor-version":[{"id":7360,"href":"https:\/\/infocrep.cssdm.gouv.qc.ca\/enseignants\/wp-json\/wp\/v2\/posts\/7358\/revisions\/7360"}],"wp:featuredmedia":[{"embeddable":true,"href":"https:\/\/infocrep.cssdm.gouv.qc.ca\/enseignants\/wp-json\/wp\/v2\/media\/7359"}],"wp:attachment":[{"href":"https:\/\/infocrep.cssdm.gouv.qc.ca\/enseignants\/wp-json\/wp\/v2\/media?parent=7358"}],"wp:term":[{"taxonomy":"category","embeddable":true,"href":"https:\/\/infocrep.cssdm.gouv.qc.ca\/enseignants\/wp-json\/wp\/v2\/categories?post=7358"},{"taxonomy":"post_tag","embeddable":true,"href":"https:\/\/infocrep.cssdm.gouv.qc.ca\/enseignants\/wp-json\/wp\/v2\/tags?post=7358"}],"curies":[{"name":"wp","href":"https:\/\/api.w.org\/{rel}","templated":true}]}}