{"id":7341,"date":"2023-10-12T11:07:39","date_gmt":"2023-10-12T15:07:39","guid":{"rendered":"https:\/\/infocrep.cssdm.gouv.qc.ca\/enseignants\/?p=7341"},"modified":"2023-10-12T11:07:39","modified_gmt":"2023-10-12T15:07:39","slug":"departs-et-arrivee-dans-lequipe","status":"publish","type":"post","link":"https:\/\/infocrep.cssdm.gouv.qc.ca\/enseignants\/departs-et-arrivee-dans-lequipe\/","title":{"rendered":"D\u00e9parts et arriv\u00e9e dans l\u2019\u00e9quipe"},"content":{"rendered":"<p><strong>D\u00e9part de Jos\u00e9e Boshwenda<\/strong><\/p>\n<p>Jos\u00e9e qui \u00e9tait \u00e0 l\u2019accueil du CREP depuis quelques ann\u00e9es nous quittera pour rentrer en fonction au SARCA d\u00e8s le 23 octobre. Merci, Jos\u00e9e, pour ces ann\u00e9es de travail au CREP et bonne continuation dans ton parcours professionnel.<\/p>\n<p>&nbsp;<\/p>\n<p><strong>Arriv\u00e9e de K\u00e9vin Luo, comme Technicien en organisation scolaire<\/strong><\/p>\n<p>Nous sommes heureux d\u2019accueillir K\u00e9vin Luo dans l\u2019\u00e9quipe. M. Luo qui travaillait \u00e0 L\u2019\u00c9MAM, rentrera en poste au CREP le 23 octobre prochain.<\/p>\n<p>&nbsp;<\/p>\n<p><strong>Changement de poste de Mireille Mendo<\/strong><\/p>\n<p>Mireille Mendo poursuivra son travail \u00e0 l\u2019organisation scolaire. Par ailleurs, un remaniement des t\u00e2ches administratives de l\u2019ensemble des agentes de bureau \u00e0 l\u2019organisation scolaire sera fait au cours de la prochaine semaine.<\/p>\n<p>&nbsp;<\/p>\n<p><strong>D\u00e9part de Julie B\u00e9land<\/strong><\/p>\n<p>Ces changements administratifs font en sorte que Julie B\u00e9land se retrouve en surplus, Julie terminera le remplacement de Mireille, mais restera avec nous jusqu\u2019\u00e0 la fin novembre pour du soutien dans la mise en place de contenu sur la plateforme Moodle. Nous tenons \u00e0 la remercier pour sa collaboration sur diff\u00e9rents projets au CREP. Nous lui souhaitons la meilleure des chances dans la poursuite de son parcours professionnel.<\/p>\n","protected":false},"excerpt":{"rendered":"<p>D\u00e9part de Jos\u00e9e Boshwenda Jos\u00e9e qui \u00e9tait \u00e0 l\u2019accueil du CREP depuis quelques ann\u00e9es nous quittera pour rentrer en fonction&hellip;<\/p>\n","protected":false},"author":2,"featured_media":6197,"comment_status":"closed","ping_status":"closed","sticky":false,"template":"","format":"standard","meta":{"footnotes":""},"categories":[23,31],"tags":[],"class_list":["post-7341","post","type-post","status-publish","format-standard","has-post-thumbnail","hentry","category-a-la-une","category-bulletin"],"_links":{"self":[{"href":"https:\/\/infocrep.cssdm.gouv.qc.ca\/enseignants\/wp-json\/wp\/v2\/posts\/7341","targetHints":{"allow":["GET"]}}],"collection":[{"href":"https:\/\/infocrep.cssdm.gouv.qc.ca\/enseignants\/wp-json\/wp\/v2\/posts"}],"about":[{"href":"https:\/\/infocrep.cssdm.gouv.qc.ca\/enseignants\/wp-json\/wp\/v2\/types\/post"}],"author":[{"embeddable":true,"href":"https:\/\/infocrep.cssdm.gouv.qc.ca\/enseignants\/wp-json\/wp\/v2\/users\/2"}],"replies":[{"embeddable":true,"href":"https:\/\/infocrep.cssdm.gouv.qc.ca\/enseignants\/wp-json\/wp\/v2\/comments?post=7341"}],"version-history":[{"count":1,"href":"https:\/\/infocrep.cssdm.gouv.qc.ca\/enseignants\/wp-json\/wp\/v2\/posts\/7341\/revisions"}],"predecessor-version":[{"id":7342,"href":"https:\/\/infocrep.cssdm.gouv.qc.ca\/enseignants\/wp-json\/wp\/v2\/posts\/7341\/revisions\/7342"}],"wp:featuredmedia":[{"embeddable":true,"href":"https:\/\/infocrep.cssdm.gouv.qc.ca\/enseignants\/wp-json\/wp\/v2\/media\/6197"}],"wp:attachment":[{"href":"https:\/\/infocrep.cssdm.gouv.qc.ca\/enseignants\/wp-json\/wp\/v2\/media?parent=7341"}],"wp:term":[{"taxonomy":"category","embeddable":true,"href":"https:\/\/infocrep.cssdm.gouv.qc.ca\/enseignants\/wp-json\/wp\/v2\/categories?post=7341"},{"taxonomy":"post_tag","embeddable":true,"href":"https:\/\/infocrep.cssdm.gouv.qc.ca\/enseignants\/wp-json\/wp\/v2\/tags?post=7341"}],"curies":[{"name":"wp","href":"https:\/\/api.w.org\/{rel}","templated":true}]}}