{"id":7302,"date":"2023-10-05T13:34:34","date_gmt":"2023-10-05T17:34:34","guid":{"rendered":"https:\/\/infocrep.cssdm.gouv.qc.ca\/enseignants\/?p=7302"},"modified":"2023-10-06T09:56:13","modified_gmt":"2023-10-06T13:56:13","slug":"avis-de-deces-5","status":"publish","type":"post","link":"https:\/\/infocrep.cssdm.gouv.qc.ca\/enseignants\/avis-de-deces-5\/","title":{"rendered":"Avis de d\u00e9c\u00e8s"},"content":{"rendered":"<p style=\"background: white; margin: 0cm 0cm 7.5pt 0cm;\"><span style=\"font-family: 'Helvetica',sans-serif; color: #404040;\">Nous souhaitons vous informer que Nathalie Lavall\u00e9e, enseignante en IS au CREP, a r\u00e9cemment perdu sa m\u00e8re. Toutes nos pens\u00e9es sont tourn\u00e9es vers Nathalie, sa famille ainsi que ses proches pour leur apporter le r\u00e9confort n\u00e9cessaire dans cette \u00e9preuve. Nous leur offrons nos plus sinc\u00e8res condol\u00e9ances. <\/span><\/p>\n<p style=\"background: white; margin: 0cm 0cm 7.5pt 0cm;\"><span style=\"font-family: 'Helvetica',sans-serif; color: #404040;\">La c\u00e9r\u00e9monie aura lieu le dimanche 15 octobre \u00e0 la Maison Darche situ\u00e9e au 6500, boulevard Cousineau \u00e0 St-Hubert. Si vous souhaitez \u00e9crire personnellement \u00e0 Nathalie, voici son courriel :<strong><span style=\"font-family: 'Helvetica',sans-serif;\"><span style=\"color: #008080;\"><a style=\"box-sizing: border-box; color: #008080;\" href=\"mailto:lavallee.na@csdm.qc.ca\" target=\"_blank\" rel=\"noopener\"><span style=\"box-sizing: border-box;\">lavallee.na@csdm.qc.ca<\/span><\/a><\/span><\/span><span style=\"font-family: 'Helvetica',sans-serif;\">.<\/span><\/strong><\/span><\/p>\n","protected":false},"excerpt":{"rendered":"<p>Nous souhaitons vous informer que Nathalie Lavall\u00e9e, enseignante en IS au CREP, a r\u00e9cemment perdu sa m\u00e8re. Toutes nos pens\u00e9es&hellip;<\/p>\n","protected":false},"author":2,"featured_media":7303,"comment_status":"closed","ping_status":"closed","sticky":false,"template":"","format":"standard","meta":{"footnotes":""},"categories":[23,33],"tags":[],"class_list":["post-7302","post","type-post","status-publish","format-standard","has-post-thumbnail","hentry","category-a-la-une","category-communique"],"_links":{"self":[{"href":"https:\/\/infocrep.cssdm.gouv.qc.ca\/enseignants\/wp-json\/wp\/v2\/posts\/7302","targetHints":{"allow":["GET"]}}],"collection":[{"href":"https:\/\/infocrep.cssdm.gouv.qc.ca\/enseignants\/wp-json\/wp\/v2\/posts"}],"about":[{"href":"https:\/\/infocrep.cssdm.gouv.qc.ca\/enseignants\/wp-json\/wp\/v2\/types\/post"}],"author":[{"embeddable":true,"href":"https:\/\/infocrep.cssdm.gouv.qc.ca\/enseignants\/wp-json\/wp\/v2\/users\/2"}],"replies":[{"embeddable":true,"href":"https:\/\/infocrep.cssdm.gouv.qc.ca\/enseignants\/wp-json\/wp\/v2\/comments?post=7302"}],"version-history":[{"count":2,"href":"https:\/\/infocrep.cssdm.gouv.qc.ca\/enseignants\/wp-json\/wp\/v2\/posts\/7302\/revisions"}],"predecessor-version":[{"id":7310,"href":"https:\/\/infocrep.cssdm.gouv.qc.ca\/enseignants\/wp-json\/wp\/v2\/posts\/7302\/revisions\/7310"}],"wp:featuredmedia":[{"embeddable":true,"href":"https:\/\/infocrep.cssdm.gouv.qc.ca\/enseignants\/wp-json\/wp\/v2\/media\/7303"}],"wp:attachment":[{"href":"https:\/\/infocrep.cssdm.gouv.qc.ca\/enseignants\/wp-json\/wp\/v2\/media?parent=7302"}],"wp:term":[{"taxonomy":"category","embeddable":true,"href":"https:\/\/infocrep.cssdm.gouv.qc.ca\/enseignants\/wp-json\/wp\/v2\/categories?post=7302"},{"taxonomy":"post_tag","embeddable":true,"href":"https:\/\/infocrep.cssdm.gouv.qc.ca\/enseignants\/wp-json\/wp\/v2\/tags?post=7302"}],"curies":[{"name":"wp","href":"https:\/\/api.w.org\/{rel}","templated":true}]}}