{"id":7256,"date":"2023-10-02T09:59:52","date_gmt":"2023-10-02T13:59:52","guid":{"rendered":"https:\/\/infocrep.cssdm.gouv.qc.ca\/enseignants\/?p=7256"},"modified":"2023-10-02T09:59:52","modified_gmt":"2023-10-02T13:59:52","slug":"tache-enseignante-jusquau-13-octobre-pour-la-transmettre","status":"publish","type":"post","link":"https:\/\/infocrep.cssdm.gouv.qc.ca\/enseignants\/tache-enseignante-jusquau-13-octobre-pour-la-transmettre\/","title":{"rendered":"T\u00e2che enseignante\u00a0: jusqu\u2019au 13 octobre pour la transmettre"},"content":{"rendered":"<p>Les directions adjointes du CREP sont \u00e0 transmettre les t\u00e2ches \u00e0 tous les enseignants. Vous avez jusqu\u2019au vendredi 13 octobre midi pour remettre votre t\u00e2che, valid\u00e9e et sign\u00e9e.<\/p>\n<p>Comme sp\u00e9cifi\u00e9 par votre direction adjointe, vous \u00eates invit\u00e9s \u00e0 prendre un rendez-vous en pr\u00e9sentiel ou sur teams pour convenir des modalit\u00e9s de la t\u00e2che et de la signature. Rendez-vous sur la page \u00abRejoindre l\u2019\u00e9quipe\u00bb sur le portail\u00a0:<\/p>\n<ul>\n<li><span style=\"color: #008080;\"><strong><a style=\"color: #008080;\" href=\"https:\/\/infocrep.cssdm.gouv.qc.ca\/enseignants\/equipe-du-crep\/\">https:\/\/infocrep.cssdm.gouv.qc.ca\/enseignants\/equipe-du-crep\/<\/a><\/strong><\/span><\/li>\n<\/ul>\n<p><strong>Participation \u00e0 un comit\u00e9 au CREP<\/strong><\/p>\n<p>Ce sera \u00e9galement le moment de signifier votre int\u00e9r\u00eat \u00e0 participer \u00e0 un des comit\u00e9s du CREP (du temps vous sera reconnu dans votre t\u00e2che). Pour ce faire, veuillez communiquer avec Maryl\u00e8ne Bernier \u00e0\u00a0<span style=\"color: #008080;\"><a style=\"color: #008080;\" href=\"mailto:bernierma@csdm.qc.ca\">bernierma@csdm.qc.ca<\/a> <\/span>et merci de placer \u00e9galement votre direction adjointe en cc.<\/p>\n<p>Votre participation aux comit\u00e9s suivants est souhait\u00e9e\u00a0:<\/p>\n<ul>\n<li>Comit\u00e9 \u00e9l\u00e8ves \u00e0 besoins particuliers<\/li>\n<li>Comit\u00e9 pilotage du projet \u00e9ducatif<\/li>\n<li>Comit\u00e9 rayonnement (activit\u00e9s sp\u00e9ciales du CREP pour nos \u00e9l\u00e8ves)<\/li>\n<li>Comit\u00e9 social<\/li>\n<\/ul>\n<p>&nbsp;<\/p>\n","protected":false},"excerpt":{"rendered":"<p>Les directions adjointes du CREP sont \u00e0 transmettre les t\u00e2ches \u00e0 tous les enseignants. Vous avez jusqu\u2019au vendredi 13 octobre&hellip;<\/p>\n","protected":false},"author":2,"featured_media":7257,"comment_status":"closed","ping_status":"closed","sticky":false,"template":"","format":"standard","meta":{"footnotes":""},"categories":[23,31],"tags":[],"class_list":["post-7256","post","type-post","status-publish","format-standard","has-post-thumbnail","hentry","category-a-la-une","category-bulletin"],"_links":{"self":[{"href":"https:\/\/infocrep.cssdm.gouv.qc.ca\/enseignants\/wp-json\/wp\/v2\/posts\/7256","targetHints":{"allow":["GET"]}}],"collection":[{"href":"https:\/\/infocrep.cssdm.gouv.qc.ca\/enseignants\/wp-json\/wp\/v2\/posts"}],"about":[{"href":"https:\/\/infocrep.cssdm.gouv.qc.ca\/enseignants\/wp-json\/wp\/v2\/types\/post"}],"author":[{"embeddable":true,"href":"https:\/\/infocrep.cssdm.gouv.qc.ca\/enseignants\/wp-json\/wp\/v2\/users\/2"}],"replies":[{"embeddable":true,"href":"https:\/\/infocrep.cssdm.gouv.qc.ca\/enseignants\/wp-json\/wp\/v2\/comments?post=7256"}],"version-history":[{"count":1,"href":"https:\/\/infocrep.cssdm.gouv.qc.ca\/enseignants\/wp-json\/wp\/v2\/posts\/7256\/revisions"}],"predecessor-version":[{"id":7258,"href":"https:\/\/infocrep.cssdm.gouv.qc.ca\/enseignants\/wp-json\/wp\/v2\/posts\/7256\/revisions\/7258"}],"wp:featuredmedia":[{"embeddable":true,"href":"https:\/\/infocrep.cssdm.gouv.qc.ca\/enseignants\/wp-json\/wp\/v2\/media\/7257"}],"wp:attachment":[{"href":"https:\/\/infocrep.cssdm.gouv.qc.ca\/enseignants\/wp-json\/wp\/v2\/media?parent=7256"}],"wp:term":[{"taxonomy":"category","embeddable":true,"href":"https:\/\/infocrep.cssdm.gouv.qc.ca\/enseignants\/wp-json\/wp\/v2\/categories?post=7256"},{"taxonomy":"post_tag","embeddable":true,"href":"https:\/\/infocrep.cssdm.gouv.qc.ca\/enseignants\/wp-json\/wp\/v2\/tags?post=7256"}],"curies":[{"name":"wp","href":"https:\/\/api.w.org\/{rel}","templated":true}]}}