{"id":7253,"date":"2023-10-02T09:56:38","date_gmt":"2023-10-02T13:56:38","guid":{"rendered":"https:\/\/infocrep.cssdm.gouv.qc.ca\/enseignants\/?p=7253"},"modified":"2023-10-02T09:56:38","modified_gmt":"2023-10-02T13:56:38","slug":"blague-a-part-un-projet-du-centre-radisson-et-de-lecole-nationale-de-lhumour","status":"publish","type":"post","link":"https:\/\/infocrep.cssdm.gouv.qc.ca\/enseignants\/blague-a-part-un-projet-du-centre-radisson-et-de-lecole-nationale-de-lhumour\/","title":{"rendered":"Blague \u00e0 part : un projet du Centre Radisson et de l\u2019\u00c9cole nationale de l\u2019humour"},"content":{"rendered":"<p><strong>L\u2019humour pour connecter et d\u00e9dramatiser<\/strong><\/p>\n<p>Le Centre communautaire Radisson \u0153uvre aupr\u00e8s d\u2019adultes ayant un handicap physique. Chaque jour, il accueille ses membres avec diff\u00e9rentes activit\u00e9s leur permettant d\u2019apprendre, de s\u2019impliquer dans une cause qui leur tient \u00e0 c\u0153ur ou de socialiser. L\u2019automne dernier, l\u2019atelier Blague \u00e0 part, donn\u00e9 par l\u2019\u00c9cole nationale de l\u2019humour (\u00c9NH), figurait \u00e0 l\u2019horaire.<\/p>\n<p>C\u2019est dans le cadre d\u2019un financement du programme de la pratique artistique amateur de la ville de Montr\u00e9al que le Centre Radisson a fait appel \u00e0 l\u2019\u00c9NH. Cette ann\u00e9e, le centre communautaire a choisi de se tourner vers le rire : \u00ab C\u2019est un programme qu\u2019on a d\u00e9j\u00e0 eu dans le pass\u00e9, donc on a d\u00e9j\u00e0 explor\u00e9 d\u2019autres types artistiques et on n\u2019avait pas encore eu la chance de faire de l\u2019humour, explique Alexia Fauvre, animatrice et responsable du milieu de vie au Centre Radisson. On sait que l\u2019improvisation, ce sont des ateliers qui marchaient bien ici, donc on voulait pousser plus loin et voir aussi les autres facettes de l\u2019humour. \u00bb<\/p>\n<p>Ainsi, pendant quatorze semaines, chaque mercredi, l\u2019humoriste Bourque animait un atelier d\u2019humour aupr\u00e8s d\u2019une douzaine de participants. Chaque cours comprenait de la th\u00e9orie, des exercices d\u2019initiation \u00e0 l\u2019humour et, surtout, une p\u00e9riode de travail sur le projet final du programme : la cr\u00e9ation de cinq capsules humoristiques pour sensibiliser le grand public \u00e0 la r\u00e9alit\u00e9 des personnes vivant avec un handicap.<\/p>\n<p><strong>Sarah Choukroun, enseignante en IS au CREP<\/strong>\u00a0nous partage les capsules humoristiques de ses \u00e9l\u00e8ves qui ont pour th\u00e8mes\u00a0: l\u2019invisibilit\u00e9, les \u00e9tiquettes, l\u2019impatience, la diff\u00e9rence et l\u2019infantilisation.<br \/>\n<span style=\"color: #008080;\"><strong><a style=\"color: #008080;\" href=\"https:\/\/enh.qc.ca\/actualites\/blague-a-part-un-projet-pour-que-les-personnes-avec-un-handicap-ne-soient-plus-a-part\/\">Cliquez ici pour lire l\u2019article.<\/a><\/strong><\/span><\/p>\n<p><strong>Visionner les capsules:<\/strong><\/p>\n<ul>\n<li><span style=\"color: #008080;\"><strong><a style=\"color: #008080;\" href=\"https:\/\/youtu.be\/FUCKRrbmXTg?si=24_MJyBHwwYHVOdz\">Transformons notre regard<\/a>\u00a0<\/strong><\/span><\/li>\n<li><span style=\"color: #008080;\"><strong><a style=\"color: #008080;\" href=\"https:\/\/youtu.be\/GbxJiRyavi0?si=0mFgXbWRU69eL-kt\">Arrachons les e\u0301tiquettes<\/a>\u00a0<\/strong><\/span><\/li>\n<li><span style=\"color: #008080;\"><strong><a style=\"color: #008080;\" href=\"https:\/\/youtu.be\/Pho0SHgKjxk?si=_74gLrdnE7lkwsUJ\">Tous adultes\u00a0<\/a><\/strong><\/span><\/li>\n<li><span style=\"color: #008080;\"><strong><a style=\"color: #008080;\" href=\"https:\/\/youtu.be\/oB-wfjMSEGU?si=bL_5VtRhttps:\/\/youtu.be\/GbxJiRyavi0?si=0mFgXbWRU69eL-ktezRHTmohU\">Pareil pas pareil<\/a>\u00a0<\/strong><\/span><\/li>\n<li><span style=\"color: #008080;\"><strong><a style=\"color: #008080;\" href=\"http:\/\/%20https\/youtu.be\/DdB--TSmtjk?si=u0Md-9r98wGkuG54\">Et si on prenait le temps<\/a>\u00a0<\/strong><\/span><\/li>\n<\/ul>\n","protected":false},"excerpt":{"rendered":"<p>L\u2019humour pour connecter et d\u00e9dramatiser Le Centre communautaire Radisson \u0153uvre aupr\u00e8s d\u2019adultes ayant un handicap physique. Chaque jour, il accueille&hellip;<\/p>\n","protected":false},"author":2,"featured_media":7254,"comment_status":"closed","ping_status":"closed","sticky":false,"template":"","format":"standard","meta":{"footnotes":""},"categories":[23,31],"tags":[],"class_list":["post-7253","post","type-post","status-publish","format-standard","has-post-thumbnail","hentry","category-a-la-une","category-bulletin"],"_links":{"self":[{"href":"https:\/\/infocrep.cssdm.gouv.qc.ca\/enseignants\/wp-json\/wp\/v2\/posts\/7253","targetHints":{"allow":["GET"]}}],"collection":[{"href":"https:\/\/infocrep.cssdm.gouv.qc.ca\/enseignants\/wp-json\/wp\/v2\/posts"}],"about":[{"href":"https:\/\/infocrep.cssdm.gouv.qc.ca\/enseignants\/wp-json\/wp\/v2\/types\/post"}],"author":[{"embeddable":true,"href":"https:\/\/infocrep.cssdm.gouv.qc.ca\/enseignants\/wp-json\/wp\/v2\/users\/2"}],"replies":[{"embeddable":true,"href":"https:\/\/infocrep.cssdm.gouv.qc.ca\/enseignants\/wp-json\/wp\/v2\/comments?post=7253"}],"version-history":[{"count":1,"href":"https:\/\/infocrep.cssdm.gouv.qc.ca\/enseignants\/wp-json\/wp\/v2\/posts\/7253\/revisions"}],"predecessor-version":[{"id":7255,"href":"https:\/\/infocrep.cssdm.gouv.qc.ca\/enseignants\/wp-json\/wp\/v2\/posts\/7253\/revisions\/7255"}],"wp:featuredmedia":[{"embeddable":true,"href":"https:\/\/infocrep.cssdm.gouv.qc.ca\/enseignants\/wp-json\/wp\/v2\/media\/7254"}],"wp:attachment":[{"href":"https:\/\/infocrep.cssdm.gouv.qc.ca\/enseignants\/wp-json\/wp\/v2\/media?parent=7253"}],"wp:term":[{"taxonomy":"category","embeddable":true,"href":"https:\/\/infocrep.cssdm.gouv.qc.ca\/enseignants\/wp-json\/wp\/v2\/categories?post=7253"},{"taxonomy":"post_tag","embeddable":true,"href":"https:\/\/infocrep.cssdm.gouv.qc.ca\/enseignants\/wp-json\/wp\/v2\/tags?post=7253"}],"curies":[{"name":"wp","href":"https:\/\/api.w.org\/{rel}","templated":true}]}}