{"id":6744,"date":"2023-05-17T11:36:54","date_gmt":"2023-05-17T15:36:54","guid":{"rendered":"https:\/\/infocrep.cssdm.gouv.qc.ca\/enseignants\/?p=6744"},"modified":"2023-05-17T11:37:49","modified_gmt":"2023-05-17T15:37:49","slug":"6744-2","status":"publish","type":"post","link":"https:\/\/infocrep.cssdm.gouv.qc.ca\/enseignants\/6744-2\/","title":{"rendered":"Colloque sur l&rsquo;inclusion socioprofessionnelle des personnes immigrantes r\u00e9centes : r\u00e9seaux sociaux et r\u00f4le de l\u2019information."},"content":{"rendered":"<p class=\"xxmsonormal\" style=\"margin-bottom: 7.5pt;\"><span style=\"font-size: 10.5pt; font-family: 'Arial',sans-serif; color: #333333;\">L&rsquo;IRIPII organise deux colloques sur l\u2019inclusion et l\u2019accompagnement des personnes immigrantes. Le premier sujet porte sur le r\u00f4le des r\u00e9seaux sociaux et de l\u2019information dans l\u2019inclusion des personnes immigrantes. Ce colloque aura lieu le 18 mai entre 8h30 et 12h. Voici le lien zoom pour la participation : <strong><span style=\"color: #008080;\"><a style=\"color: #008080;\" href=\"https:\/\/cmaisonneuve.zoom.us\/j\/93363049643\" target=\"_blank\" rel=\"noopener\" data-auth=\"NotApplicable\">https:\/\/cmaisonneuve.zoom.us\/j\/93363049643<\/a><\/span><\/strong><\/span><span style=\"font-size: 10.5pt; font-family: 'Arial',sans-serif;\"><strong>.<\/strong><span style=\"color: #333333;\"> Le deuxi\u00e8me colloque porte sur les pratiques d\u2019accompagnement adapt\u00e9es aux personnes immigrantes. Ce colloque aura lieu le 30 mai entre 8h30 et 12h. Pour les inscriptions, voir ici-bas. <\/span><\/span><\/p>\n<p class=\"xxmsonormal\" style=\"margin-bottom: 7.5pt;\"><span style=\"font-size: 10.5pt; font-family: 'Arial',sans-serif; color: #333333;\">L\u2019Institut de recherche sur l\u2019immigration et sur les pratiques interculturelles et inclusives (IRIPII) du Coll\u00e8ge de Maisonneuve vous convie \u00e0 son colloque\u00a0<i>Inclusion socioprofessionnelle des personnes immigrantes r\u00e9centes : r\u00e9seaux sociaux et r\u00f4le de l\u2019information<\/i>. Notre colloque s\u2019adresse \u00e0 toutes les personnes qui souhaitent en savoir plus sur le r\u00f4le des r\u00e9seaux sociaux dans les trajectoires d\u2019int\u00e9gration socioprofessionnelle des immigrant-es r\u00e9cent-es, ainsi que celui de l\u2019information.<\/span><\/p>\n<p class=\"xxmsonormal\" style=\"margin-bottom: 7.5pt;\"><span style=\"font-size: 10.5pt; font-family: 'Arial',sans-serif; color: #333333;\">Dans la plupart des cas, les personnes immigrantes arrivent au Qu\u00e9bec avec un r\u00e9seau social plut\u00f4t restreint et une m\u00e9connaissance du syst\u00e8me de la soci\u00e9t\u00e9 d\u2019accueil. De plus, l\u2019information re\u00e7ue est parfois sujette \u00e0 une perception, par ces derni\u00e8res, d\u2019incompatibilit\u00e9 entre les services offerts et les informations fournies par le r\u00e9seau formel, notamment pour r\u00e9pondre \u00e0 leurs besoins imm\u00e9diats, en particulier celui de trouver un emploi. Ces r\u00e9alit\u00e9s propres aux personnes immigrantes au Qu\u00e9bec n\u00e9cessitent une analyse plus approfondie des causes et des cons\u00e9quences.<\/span><\/p>\n<p class=\"xxmsonormal\" style=\"margin-bottom: 7.5pt;\"><span style=\"font-size: 10.5pt; font-family: 'Arial',sans-serif; color: #333333;\">\u00a0Quelles sont les r\u00e9alit\u00e9s des personnes immigrantes? Quels sont les obstacles \u00e0 leurs int\u00e9grations dans la soci\u00e9t\u00e9 d\u2019accueil? Quel est le r\u00f4le de l\u2019information dans leurs parcours? Comment mieux les accompagner?<\/span><\/p>\n<p class=\"xxmsonormal\" style=\"margin-bottom: 7.5pt;\"><span style=\"font-size: 10.5pt; font-family: 'Arial',sans-serif; color: #333333;\">Cet \u00e9v\u00e9nement permettra de mettre en lumi\u00e8re la structure du r\u00e9seau social des personnes immigrantes, des personnes significatives dans leurs parcours, et des informations auxquelles elles ont acc\u00e8s au cours de leurs trajectoires.<\/span><\/p>\n<p class=\"xxmsonormal\" style=\"margin-bottom: 7.5pt;\"><span style=\"font-size: 10.5pt; font-family: 'Arial',sans-serif; color: #333333;\">L\u2019inscription est gratuite, mais obligatoire<\/span><\/p>\n<p class=\"xxmsonormal\" style=\"margin-bottom: 7.5pt;\"><span style=\"font-size: 10.5pt; font-family: 'Arial',sans-serif; color: #333333;\">Pour vous inscrire, <span style=\"color: #008080;\">cliquez <a style=\"color: #008080;\" href=\"https:\/\/forms.office.com\/Pages\/ResponsePage.aspx?id=fZIiqRI31kuSUUlrEYB_qNmDzsyf1MZDhlN9INH6GylUMU1RT0dQMUNSOVNNSjlXWTNVS0tKWFJSSiQlQCN0PWcu\" data-auth=\"NotApplicable\" data-loopstyle=\"link\">ici<\/a><\/span><\/span><\/p>\n<p class=\"xxmsonormal\" style=\"margin-bottom: 7.5pt;\"><span style=\"font-size: 10.5pt; font-family: 'Arial',sans-serif; color: #333333;\">Pour la programmation, <span style=\"color: #008080;\">cliquez <a style=\"color: #008080;\" href=\"https:\/\/iripi.ca\/fr\/inclusion-socioprofessionnelle-des-personnes-immigrantes-recentes-reseaux-sociaux-et-role-de-linformation\/\" data-auth=\"NotApplicable\" data-loopstyle=\"link\">ici<\/a><\/span><\/span><\/p>\n","protected":false},"excerpt":{"rendered":"<p>L&rsquo;IRIPII organise deux colloques sur l\u2019inclusion et l\u2019accompagnement des personnes immigrantes. Le premier sujet porte sur le r\u00f4le des r\u00e9seaux&hellip;<\/p>\n","protected":false},"author":2,"featured_media":6745,"comment_status":"closed","ping_status":"closed","sticky":false,"template":"","format":"standard","meta":{"footnotes":""},"categories":[23,42,33],"tags":[],"class_list":["post-6744","post","type-post","status-publish","format-standard","has-post-thumbnail","hentry","category-a-la-une","category-colloque","category-communique"],"_links":{"self":[{"href":"https:\/\/infocrep.cssdm.gouv.qc.ca\/enseignants\/wp-json\/wp\/v2\/posts\/6744","targetHints":{"allow":["GET"]}}],"collection":[{"href":"https:\/\/infocrep.cssdm.gouv.qc.ca\/enseignants\/wp-json\/wp\/v2\/posts"}],"about":[{"href":"https:\/\/infocrep.cssdm.gouv.qc.ca\/enseignants\/wp-json\/wp\/v2\/types\/post"}],"author":[{"embeddable":true,"href":"https:\/\/infocrep.cssdm.gouv.qc.ca\/enseignants\/wp-json\/wp\/v2\/users\/2"}],"replies":[{"embeddable":true,"href":"https:\/\/infocrep.cssdm.gouv.qc.ca\/enseignants\/wp-json\/wp\/v2\/comments?post=6744"}],"version-history":[{"count":2,"href":"https:\/\/infocrep.cssdm.gouv.qc.ca\/enseignants\/wp-json\/wp\/v2\/posts\/6744\/revisions"}],"predecessor-version":[{"id":6747,"href":"https:\/\/infocrep.cssdm.gouv.qc.ca\/enseignants\/wp-json\/wp\/v2\/posts\/6744\/revisions\/6747"}],"wp:featuredmedia":[{"embeddable":true,"href":"https:\/\/infocrep.cssdm.gouv.qc.ca\/enseignants\/wp-json\/wp\/v2\/media\/6745"}],"wp:attachment":[{"href":"https:\/\/infocrep.cssdm.gouv.qc.ca\/enseignants\/wp-json\/wp\/v2\/media?parent=6744"}],"wp:term":[{"taxonomy":"category","embeddable":true,"href":"https:\/\/infocrep.cssdm.gouv.qc.ca\/enseignants\/wp-json\/wp\/v2\/categories?post=6744"},{"taxonomy":"post_tag","embeddable":true,"href":"https:\/\/infocrep.cssdm.gouv.qc.ca\/enseignants\/wp-json\/wp\/v2\/tags?post=6744"}],"curies":[{"name":"wp","href":"https:\/\/api.w.org\/{rel}","templated":true}]}}