{"id":6400,"date":"2023-03-16T15:37:18","date_gmt":"2023-03-16T19:37:18","guid":{"rendered":"https:\/\/infocrep.cssdm.gouv.qc.ca\/enseignants\/?p=6400"},"modified":"2023-03-16T15:40:42","modified_gmt":"2023-03-16T19:40:42","slug":"congres-de-lassociation-quebecoise-des-intervenantes-et-des-intervenants-en-formation-generale-des-adultes","status":"publish","type":"post","link":"https:\/\/infocrep.cssdm.gouv.qc.ca\/enseignants\/congres-de-lassociation-quebecoise-des-intervenantes-et-des-intervenants-en-formation-generale-des-adultes\/","title":{"rendered":"Congr\u00e8s de l\u2019Association qu\u00e9b\u00e9coise des intervenantes et des intervenants en formation g\u00e9n\u00e9rale des adultes"},"content":{"rendered":"<p>L\u2019Association qu\u00e9b\u00e9coise des intervenantes et des intervenants en formation g\u00e9n\u00e9rale des adultes (AQIFGA) a pour mission d\u2019<strong>assurer le d\u00e9veloppement de la formation g\u00e9n\u00e9rale des adultes (FGA) et de ses intervenant.e.s pour la r\u00e9ussite \u00e9ducative des \u00e9l\u00e8ves adultes<\/strong>\u00a0par :<\/p>\n<ul>\n<li><strong>le r\u00e9seautage et le partage des savoirs ;<\/strong><\/li>\n<li><strong>la diffusion de formation continue et la promotion de pratiques inspirantes ;<\/strong><\/li>\n<li><strong>la tenue d\u2019\u00e9v\u00e8nements rassembleurs et l\u2019offre de moyens d\u2019\u00e9changes novateurs ;<\/strong><\/li>\n<li><strong>la repr\u00e9sentation, les partenariats et la valorisation de la FGA.<\/strong><\/li>\n<\/ul>\n<p>L\u2019AQIFGA vous invite les\u00a027 et 28 avril 2023\u00a0\u00e0 l\u2019h\u00f4tel le Montagnais, en pr\u00e9sentiel.\u00a0Les Centres de services scolaires du Saguenay\u2013Lac-St-Jean\u00a0sont fiers d\u2019accueillir le 17e\u00a0congr\u00e8s de sous le th\u00e8me\u00a0L\u2019humain au coeur de nos actions.<\/p>\n<p><strong>Cliquez sur ce lien pour en savoir davantage :<\/strong><\/p>\n<blockquote class=\"wp-embedded-content\" data-secret=\"EFYHo5wUyD\"><p><a href=\"https:\/\/aqifga.com\/congres-2023\/\">Congr\u00e8s 2023<\/a><\/p><\/blockquote>\n<p><iframe class=\"wp-embedded-content\" sandbox=\"allow-scripts\" security=\"restricted\" style=\"position: absolute; clip: rect(1px, 1px, 1px, 1px);\" title=\"\u00ab\u00a0Congr\u00e8s 2023\u00a0\u00bb &#8212; AQIFGA\" src=\"https:\/\/aqifga.com\/congres-2023\/embed\/#?secret=CDVFAhfL6A#?secret=EFYHo5wUyD\" data-secret=\"EFYHo5wUyD\" width=\"600\" height=\"338\" frameborder=\"0\" marginwidth=\"0\" marginheight=\"0\" scrolling=\"no\"><\/iframe><\/p>\n<h4><strong>Comit\u00e9 local de perfectionnement des enseignants<\/strong><\/h4>\n<p>Vous souhaitez prendre part \u00e0 une activit\u00e9 de formation? Merci d\u2019en faire la demande aupr\u00e8s du Comit\u00e9 local de perfectionnement (CLP) et de votre direction adjointe et ce, m\u00eame si la formation est gratuite. Un petit courriel aux membres du CLP suffit en utilisant le formulaire de\u00a0<em>Demande de perfectionnement et d\u2019aide financi\u00e8re<\/em>\u00a0disponible dans\u00a0<span style=\"color: #008080;\"><a style=\"color: #008080;\" href=\"https:\/\/infocrep.cssdm.gouv.qc.ca\/enseignants\/espace-doc\/\">l\u2019Espace documentation du portail du CREP<\/a>\u00a0<\/span>sous l\u2019onglet<em>\u00a0Perfectionnement<\/em>. Une fois l\u2019activit\u00e9 de formation accept\u00e9e, merci \u00e9galement d\u2019en informer le partenaire.<\/p>\n<p>Les membres du CLP 2022-2023:<\/p>\n<ul>\n<li><span style=\"color: #008080;\"><a style=\"color: #008080;\" href=\"mailto:herouxmc@csdm.qc.ca\">Marie-Claude H\u00e9roux<\/a><\/span><\/li>\n<li><span style=\"color: #008080;\"><a style=\"color: #008080;\" href=\"mailto:houle.v@csdm.qc.ca\">Val\u00e9rie Houle Gosselin<\/a><\/span><\/li>\n<li><span style=\"color: #008080;\"><a style=\"color: #008080;\" href=\"mailto:gelineau.j@csdm.qc.ca\">Jean G\u00e9lineau<\/a><\/span><\/li>\n<\/ul>\n<p>&nbsp;<\/p>\n","protected":false},"excerpt":{"rendered":"<p>L\u2019Association qu\u00e9b\u00e9coise des intervenantes et des intervenants en formation g\u00e9n\u00e9rale des adultes (AQIFGA) a pour mission d\u2019assurer le d\u00e9veloppement de&hellip;<\/p>\n","protected":false},"author":2,"featured_media":6403,"comment_status":"closed","ping_status":"closed","sticky":false,"template":"","format":"standard","meta":{"footnotes":""},"categories":[23,31,43,44],"tags":[],"class_list":["post-6400","post","type-post","status-publish","format-standard","has-post-thumbnail","hentry","category-a-la-une","category-bulletin","category-congres","category-evenement"],"_links":{"self":[{"href":"https:\/\/infocrep.cssdm.gouv.qc.ca\/enseignants\/wp-json\/wp\/v2\/posts\/6400","targetHints":{"allow":["GET"]}}],"collection":[{"href":"https:\/\/infocrep.cssdm.gouv.qc.ca\/enseignants\/wp-json\/wp\/v2\/posts"}],"about":[{"href":"https:\/\/infocrep.cssdm.gouv.qc.ca\/enseignants\/wp-json\/wp\/v2\/types\/post"}],"author":[{"embeddable":true,"href":"https:\/\/infocrep.cssdm.gouv.qc.ca\/enseignants\/wp-json\/wp\/v2\/users\/2"}],"replies":[{"embeddable":true,"href":"https:\/\/infocrep.cssdm.gouv.qc.ca\/enseignants\/wp-json\/wp\/v2\/comments?post=6400"}],"version-history":[{"count":4,"href":"https:\/\/infocrep.cssdm.gouv.qc.ca\/enseignants\/wp-json\/wp\/v2\/posts\/6400\/revisions"}],"predecessor-version":[{"id":6406,"href":"https:\/\/infocrep.cssdm.gouv.qc.ca\/enseignants\/wp-json\/wp\/v2\/posts\/6400\/revisions\/6406"}],"wp:featuredmedia":[{"embeddable":true,"href":"https:\/\/infocrep.cssdm.gouv.qc.ca\/enseignants\/wp-json\/wp\/v2\/media\/6403"}],"wp:attachment":[{"href":"https:\/\/infocrep.cssdm.gouv.qc.ca\/enseignants\/wp-json\/wp\/v2\/media?parent=6400"}],"wp:term":[{"taxonomy":"category","embeddable":true,"href":"https:\/\/infocrep.cssdm.gouv.qc.ca\/enseignants\/wp-json\/wp\/v2\/categories?post=6400"},{"taxonomy":"post_tag","embeddable":true,"href":"https:\/\/infocrep.cssdm.gouv.qc.ca\/enseignants\/wp-json\/wp\/v2\/tags?post=6400"}],"curies":[{"name":"wp","href":"https:\/\/api.w.org\/{rel}","templated":true}]}}