{"id":6352,"date":"2023-03-07T11:32:17","date_gmt":"2023-03-07T16:32:17","guid":{"rendered":"https:\/\/infocrep.cssdm.gouv.qc.ca\/enseignants\/?p=6352"},"modified":"2023-03-08T11:33:53","modified_gmt":"2023-03-08T16:33:53","slug":"programme-fu-t","status":"publish","type":"post","link":"https:\/\/infocrep.cssdm.gouv.qc.ca\/enseignants\/programme-fu-t\/","title":{"rendered":"Programme FU-T:"},"content":{"rendered":"<p><strong>Du nouveau sur Moodle<\/strong><\/p>\n<p>Le Regroupement pour la Trisomie 21 (RT21), en partenariat avec le Centre de partage d\u2019expertise en intervention technoclinique (CPEITC) a con\u00e7u et \u00e9valu\u00e9 un programme d\u2019inclusion sociale utilisant des iPad pour des adultes pr\u00e9sentant une trisomie 21. Ce programme peut \u00e9galement s\u2019appliquer \u00e0 d\u2019autres client\u00e8les ayant les m\u00eames besoins. Les modalit\u00e9s de mise en \u0153uvre du programme sont d\u00e9crites en pr\u00e9ambule de chacune des 42 fiches d\u2019activit\u00e9s qui sont disponibles dans Moodle.<\/p>\n<p><strong><a href=\"https:\/\/moodlecrep.cssdm.gouv.qc.ca\/course\/view.php?id=391\">Cliquez sur ce lien pour en connaitre dav<\/a><a href=\"https:\/\/moodlecrep.cssdm.gouv.qc.ca\/course\/view.php?id=391\">antage sur le Programme FU-T<\/a>.<\/strong><\/p>\n","protected":false},"excerpt":{"rendered":"<p>Du nouveau sur Moodle Le Regroupement pour la Trisomie 21 (RT21), en partenariat avec le Centre de partage d\u2019expertise en&hellip;<\/p>\n","protected":false},"author":2,"featured_media":6353,"comment_status":"closed","ping_status":"closed","sticky":false,"template":"","format":"standard","meta":{"footnotes":""},"categories":[23,31,15,20,12],"tags":[],"class_list":["post-6352","post","type-post","status-publish","format-standard","has-post-thumbnail","hentry","category-a-la-une","category-bulletin","category-enseignants","category-pedagogie","category-technopedagogie"],"_links":{"self":[{"href":"https:\/\/infocrep.cssdm.gouv.qc.ca\/enseignants\/wp-json\/wp\/v2\/posts\/6352","targetHints":{"allow":["GET"]}}],"collection":[{"href":"https:\/\/infocrep.cssdm.gouv.qc.ca\/enseignants\/wp-json\/wp\/v2\/posts"}],"about":[{"href":"https:\/\/infocrep.cssdm.gouv.qc.ca\/enseignants\/wp-json\/wp\/v2\/types\/post"}],"author":[{"embeddable":true,"href":"https:\/\/infocrep.cssdm.gouv.qc.ca\/enseignants\/wp-json\/wp\/v2\/users\/2"}],"replies":[{"embeddable":true,"href":"https:\/\/infocrep.cssdm.gouv.qc.ca\/enseignants\/wp-json\/wp\/v2\/comments?post=6352"}],"version-history":[{"count":1,"href":"https:\/\/infocrep.cssdm.gouv.qc.ca\/enseignants\/wp-json\/wp\/v2\/posts\/6352\/revisions"}],"predecessor-version":[{"id":6354,"href":"https:\/\/infocrep.cssdm.gouv.qc.ca\/enseignants\/wp-json\/wp\/v2\/posts\/6352\/revisions\/6354"}],"wp:featuredmedia":[{"embeddable":true,"href":"https:\/\/infocrep.cssdm.gouv.qc.ca\/enseignants\/wp-json\/wp\/v2\/media\/6353"}],"wp:attachment":[{"href":"https:\/\/infocrep.cssdm.gouv.qc.ca\/enseignants\/wp-json\/wp\/v2\/media?parent=6352"}],"wp:term":[{"taxonomy":"category","embeddable":true,"href":"https:\/\/infocrep.cssdm.gouv.qc.ca\/enseignants\/wp-json\/wp\/v2\/categories?post=6352"},{"taxonomy":"post_tag","embeddable":true,"href":"https:\/\/infocrep.cssdm.gouv.qc.ca\/enseignants\/wp-json\/wp\/v2\/tags?post=6352"}],"curies":[{"name":"wp","href":"https:\/\/api.w.org\/{rel}","templated":true}]}}