{"id":6233,"date":"2023-02-22T10:00:47","date_gmt":"2023-02-22T15:00:47","guid":{"rendered":"https:\/\/infocrep.cssdm.gouv.qc.ca\/enseignants\/?p=6233"},"modified":"2023-02-28T14:05:18","modified_gmt":"2023-02-28T19:05:18","slug":"premiere-edition-du-journal-des-membres-de-laqpa","status":"publish","type":"post","link":"https:\/\/infocrep.cssdm.gouv.qc.ca\/enseignants\/premiere-edition-du-journal-des-membres-de-laqpa\/","title":{"rendered":"Premi\u00e8re \u00e9dition du journal des membres de l\u2019AQPA"},"content":{"rendered":"<p>Voici la premi\u00e8re \u00e9dition du journal des \u00e9l\u00e8ves de Julie Caron, enseignante du CREP en Int\u00e9gration sociale \u00e0 <span style=\"color: #008080;\">l<a style=\"color: #008080;\" href=\"https:\/\/aphasie.ca\/\" target=\"_blank\" rel=\"noopener\">\u2019Association qu\u00e9b\u00e9coise des personnes aphasiques<\/a><\/span>.<\/p>\n<p>Jetez-y un \u0153il et soyez t\u00e9moins du travail et des efforts qui ont \u00e9t\u00e9 d\u00e9ploy\u00e9s \u00e0 l\u2019int\u00e9rieur de ces pages! Bravo \u00e0 nos \u00e9l\u00e8ves ainsi qu\u2019\u00e0 Julie qui les accompagne dans la r\u00e9alisation de ce beau projet!<\/p>\n<ul>\n<li><strong><span style=\"color: #008080;\"><a style=\"color: #008080;\" href=\"https:\/\/infocrep.cssdm.gouv.qc.ca\/enseignants\/wp-content\/uploads\/sites\/6\/2023\/02\/Journal-AQPA-1.pdf\" target=\"_blank\" rel=\"noopener\">Cliquez ici pour t\u00e9l\u00e9charger le journal<\/a><\/span><\/strong><\/li>\n<\/ul>\n<p>&nbsp;<\/p>\n","protected":false},"excerpt":{"rendered":"<p>Voici la premi\u00e8re \u00e9dition du journal des \u00e9l\u00e8ves de Julie Caron, enseignante du CREP en Int\u00e9gration sociale \u00e0 l\u2019Association qu\u00e9b\u00e9coise&hellip;<\/p>\n","protected":false},"author":2,"featured_media":6234,"comment_status":"closed","ping_status":"closed","sticky":false,"template":"","format":"standard","meta":{"footnotes":""},"categories":[23,33],"tags":[],"class_list":["post-6233","post","type-post","status-publish","format-standard","has-post-thumbnail","hentry","category-a-la-une","category-communique"],"_links":{"self":[{"href":"https:\/\/infocrep.cssdm.gouv.qc.ca\/enseignants\/wp-json\/wp\/v2\/posts\/6233","targetHints":{"allow":["GET"]}}],"collection":[{"href":"https:\/\/infocrep.cssdm.gouv.qc.ca\/enseignants\/wp-json\/wp\/v2\/posts"}],"about":[{"href":"https:\/\/infocrep.cssdm.gouv.qc.ca\/enseignants\/wp-json\/wp\/v2\/types\/post"}],"author":[{"embeddable":true,"href":"https:\/\/infocrep.cssdm.gouv.qc.ca\/enseignants\/wp-json\/wp\/v2\/users\/2"}],"replies":[{"embeddable":true,"href":"https:\/\/infocrep.cssdm.gouv.qc.ca\/enseignants\/wp-json\/wp\/v2\/comments?post=6233"}],"version-history":[{"count":2,"href":"https:\/\/infocrep.cssdm.gouv.qc.ca\/enseignants\/wp-json\/wp\/v2\/posts\/6233\/revisions"}],"predecessor-version":[{"id":6236,"href":"https:\/\/infocrep.cssdm.gouv.qc.ca\/enseignants\/wp-json\/wp\/v2\/posts\/6233\/revisions\/6236"}],"wp:featuredmedia":[{"embeddable":true,"href":"https:\/\/infocrep.cssdm.gouv.qc.ca\/enseignants\/wp-json\/wp\/v2\/media\/6234"}],"wp:attachment":[{"href":"https:\/\/infocrep.cssdm.gouv.qc.ca\/enseignants\/wp-json\/wp\/v2\/media?parent=6233"}],"wp:term":[{"taxonomy":"category","embeddable":true,"href":"https:\/\/infocrep.cssdm.gouv.qc.ca\/enseignants\/wp-json\/wp\/v2\/categories?post=6233"},{"taxonomy":"post_tag","embeddable":true,"href":"https:\/\/infocrep.cssdm.gouv.qc.ca\/enseignants\/wp-json\/wp\/v2\/tags?post=6233"}],"curies":[{"name":"wp","href":"https:\/\/api.w.org\/{rel}","templated":true}]}}