{"id":5837,"date":"2022-12-14T09:44:31","date_gmt":"2022-12-14T14:44:31","guid":{"rendered":"https:\/\/infocrep.cssdm.gouv.qc.ca\/enseignants\/?p=5837"},"modified":"2022-12-14T09:44:31","modified_gmt":"2022-12-14T14:44:31","slug":"une-medaille-de-bronze-a-rio-pour-nos-eleves","status":"publish","type":"post","link":"https:\/\/infocrep.cssdm.gouv.qc.ca\/enseignants\/une-medaille-de-bronze-a-rio-pour-nos-eleves\/","title":{"rendered":"Une m\u00e9daille de bronze \u00e0 Rio pour nos \u00e9l\u00e8ves"},"content":{"rendered":"<p>Iulian Ciobanu (\u00e9l\u00e8ve du CREP au CIVA) ainsi qu\u2019Alison Levine (ancienne \u00e9l\u00e8ve aussi au CIVA) ont remport\u00e9 une m\u00e9daille de bronze en double BC4.<\/p>\n<p>F\u00e9licitations pour cette belle victoire!<\/p>\n<p>Lisez le communiqu\u00e9 officiel ci-dessous\u00a0:<\/p>\n<p><strong>Ottawa, Ont. (13 d\u00e9cembre 2022)<\/strong> \u2013 L\u2019\u00e9quipe de double BC4 compos\u00e9e d\u2019Alison Levine (Montr\u00e9al, Qc) et de Iulian Ciobanu (Montr\u00e9al, Qc) repartira des Championnats du monde avec une m\u00e9daille de bronze gr\u00e2ce \u00e0 leur victoire de 3-1 contre le Japon cet apr\u00e8s-midi, \u00e0 Rio de Janeiro, au Br\u00e9sil. Il s\u2019agit de la premi\u00e8re m\u00e9daille remport\u00e9e par le duo \u00e0 un championnat du monde, un \u00e9v\u00e9nement mondial majeur de boccia, ce qui les gardera dans le <em>top-3<\/em> (ou mieux) du classement mondial apr\u00e8s la mise \u00e0 jour des classements.<\/p>\n<p>\u00ab C\u2019est le r\u00e9sultat de plusieurs ann\u00e9es de travail avec ce groupe d\u2019athl\u00e8tes \u00bb, a insist\u00e9 l\u2019entra\u00eeneur-chef C\u00e9sar Nicolai. \u00ab C\u2019est le fruit de notre investissement des dix derni\u00e8res ann\u00e9es, depuis que nous sommes mont\u00e9s sur le podium aux Jeux paralympiques de Londres en 2012\u2026 C\u2019est la premi\u00e8re fois qu\u2019Alison et Iulian remportent une m\u00e9daille \u00e0 un championnat du monde, c\u2019est \u00e9norme. Je n\u2019ai pas de mots\u2026 Je suis heureux, je suis fier. Il y avait du tr\u00e8s haut niveau de jeu ici, \u00e0 Rio. Il y a beaucoup de nouveaux athl\u00e8tes et de pays diff\u00e9rents qui gagnent des m\u00e9dailles maintenant\u2026 \u00c7a en dit long sur notre programme de haute performance, donc dans l\u2019ensemble, je suis tr\u00e8s satisfait et heureux. \u00bb<\/p>\n<p>Il s\u2019agit d\u2019une autre \u00e9tape cruciale dans la qualification pour les Jeux paralympiques de Paris 2024 en double et ils gagneront d\u2019importants points au classement mondial \u00e0 l\u2019aube du d\u00e9but de l\u2019ann\u00e9e 2023.<\/p>\n<p>Le Canada a facilement travers\u00e9 le tournoi \u00e0 la ronde avec des victoires contre le Japon, le Br\u00e9sil et la Croatie. Apr\u00e8s une victoire serr\u00e9e de 4-3 contre l\u2019Ukraine en quart de finale, le Canada s\u2019est finalement inclin\u00e9 en demi-finale face \u00e0 ses rivaux et m\u00e9daill\u00e9s d\u2019or des Jeux de Tokyo, les Slovaques, par le pointage de 6-2.<\/p>\n<p>Le match pour la m\u00e9daille de bronze contre le Japon a \u00e9t\u00e9 chaudement disput\u00e9, les deux pays s\u2019\u00e9changeant les points lors des deux premi\u00e8res manches. Alors que le Canada menait 2-1 en derni\u00e8re manche, Ciobanu a lanc\u00e9 une excellente premi\u00e8re balle qui a donn\u00e9 le ton. Levine a suivi avec un lancer de d\u00e9placement puissant et Ciobanu, montrant \u00e0 nouveau sa pr\u00e9cision, a plac\u00e9 leur troisi\u00e8me balle et bien bloqu\u00e9 le cochonnet. \u00c0 leur derni\u00e8re balle, les Japonais ne pouvaient rien y faire. La combinaison de puissance et de pr\u00e9cision de Levine et Ciobanu leur a permis de remporter la m\u00e9daille de bronze sans m\u00eame lancer leurs trois derni\u00e8res balles. Le pointage final a \u00e9t\u00e9 de 3 \u00e0 1.<\/p>\n<p>\u00ab M\u00eame si Iulian et moi pouvons tous les deux effectuer plusieurs types de lancers, nous nous compl\u00e9tons d\u00e9finitivement tr\u00e8s bien \u00bb, a d\u00e9clar\u00e9 Levine. \u00ab La m\u00e9daille signifie tellement pour moi. De l\u2019avoir gagn\u00e9e aux Championnats du monde, alors qu\u2019il y avait 15 des meilleures \u00e9quipes de double BC4 au monde, c\u2019est un accomplissement \u00e9norme. C\u2019est une \u00e9tape importante pour nous et pour Boccia Canada. C\u2019\u00e9tait notre moment et nous allons continuer \u00e0 travailler fort. Ce n\u2019est pas termin\u00e9. \u00bb<\/p>\n<p>L&rsquo;\u00e9quipe BC1 et BC2 compos\u00e9e de Danik Allard (Bois-des-Filion, Qc), Kristyn Collins (St. John\u2019s, T.-N.-L.) et Lance Cryderman (Sudbury, Ont.) n\u2019ont pas r\u00e9ussi \u00e0 acc\u00e9der \u00e0 la phase \u00e0 \u00e9limination directe, apr\u00e8s avoir perdu contre les Pays-Bas, quatri\u00e8mes au monde, et la Grande-Bretagne, cinqui\u00e8me.<\/p>\n<p>\u00ab Nous utiliserons cette comp\u00e9tition comme une exp\u00e9rience d\u2019apprentissage\u2026 C\u2019est toujours un honneur et un privil\u00e8ge de repr\u00e9senter notre pays \u00e0 ce niveau et je suis fier de mon \u00e9quipe, peu importe le r\u00e9sultat final \u00bb, a mentionn\u00e9 l\u2019athl\u00e8te BC1 Cryderman.<\/p>\n<p>L\u2019entra\u00eeneur BC1 et BC2 Ed Richardson estime que ce groupe d\u2019athl\u00e8tes est prometteur pour l\u2019avenir. \u00ab Pour une \u00e9quipe aussi nouvelle, qui ne joue ensemble que depuis un peu plus d\u2019un an, nous allons certainement prendre cette exp\u00e9rience des Championnats du monde de Rio, la mettre \u00e0 profit et b\u00e2tir l\u00e0-dessus pour l\u2019avenir. Une bonne coh\u00e9sion a \u00e9t\u00e9 d\u00e9montr\u00e9e ici et la force de cette coh\u00e9sion devrait nous servir dans les ann\u00e9es \u00e0 venir. \u00bb<\/p>\n<p>Suivez toutes les nouvelles concernant l\u2019\u00e9quipe de Boccia Canada <a href=\"https:\/\/ccpsa.us8.list-manage.com\/track\/click?u=4c3848f04ae6739a1378f439d&amp;id=6560ce9963&amp;e=1b9d1741e9\">ici<\/a>.<\/p>\n<p>Consultez la liste de tous les r\u00e9sultats de la comp\u00e9tition <a href=\"https:\/\/ccpsa.us8.list-manage.com\/track\/click?u=4c3848f04ae6739a1378f439d&amp;id=9b796ce0b7&amp;e=1b9d1741e9\">ici<\/a>.<\/p>\n<p>Revoyez les webdiffusions <a href=\"https:\/\/ccpsa.us8.list-manage.com\/track\/click?u=4c3848f04ae6739a1378f439d&amp;id=9541674340&amp;e=1b9d1741e9\">ici<\/a>.<\/p>\n","protected":false},"excerpt":{"rendered":"<p>Iulian Ciobanu (\u00e9l\u00e8ve du CREP au CIVA) ainsi qu\u2019Alison Levine (ancienne \u00e9l\u00e8ve aussi au CIVA) ont remport\u00e9 une m\u00e9daille de&hellip;<\/p>\n","protected":false},"author":2,"featured_media":5838,"comment_status":"closed","ping_status":"closed","sticky":false,"template":"","format":"standard","meta":{"footnotes":""},"categories":[23,33,13],"tags":[],"class_list":["post-5837","post","type-post","status-publish","format-standard","has-post-thumbnail","hentry","category-a-la-une","category-communique","category-general"],"_links":{"self":[{"href":"https:\/\/infocrep.cssdm.gouv.qc.ca\/enseignants\/wp-json\/wp\/v2\/posts\/5837","targetHints":{"allow":["GET"]}}],"collection":[{"href":"https:\/\/infocrep.cssdm.gouv.qc.ca\/enseignants\/wp-json\/wp\/v2\/posts"}],"about":[{"href":"https:\/\/infocrep.cssdm.gouv.qc.ca\/enseignants\/wp-json\/wp\/v2\/types\/post"}],"author":[{"embeddable":true,"href":"https:\/\/infocrep.cssdm.gouv.qc.ca\/enseignants\/wp-json\/wp\/v2\/users\/2"}],"replies":[{"embeddable":true,"href":"https:\/\/infocrep.cssdm.gouv.qc.ca\/enseignants\/wp-json\/wp\/v2\/comments?post=5837"}],"version-history":[{"count":1,"href":"https:\/\/infocrep.cssdm.gouv.qc.ca\/enseignants\/wp-json\/wp\/v2\/posts\/5837\/revisions"}],"predecessor-version":[{"id":5839,"href":"https:\/\/infocrep.cssdm.gouv.qc.ca\/enseignants\/wp-json\/wp\/v2\/posts\/5837\/revisions\/5839"}],"wp:featuredmedia":[{"embeddable":true,"href":"https:\/\/infocrep.cssdm.gouv.qc.ca\/enseignants\/wp-json\/wp\/v2\/media\/5838"}],"wp:attachment":[{"href":"https:\/\/infocrep.cssdm.gouv.qc.ca\/enseignants\/wp-json\/wp\/v2\/media?parent=5837"}],"wp:term":[{"taxonomy":"category","embeddable":true,"href":"https:\/\/infocrep.cssdm.gouv.qc.ca\/enseignants\/wp-json\/wp\/v2\/categories?post=5837"},{"taxonomy":"post_tag","embeddable":true,"href":"https:\/\/infocrep.cssdm.gouv.qc.ca\/enseignants\/wp-json\/wp\/v2\/tags?post=5837"}],"curies":[{"name":"wp","href":"https:\/\/api.w.org\/{rel}","templated":true}]}}