{"id":5348,"date":"2022-10-19T09:16:22","date_gmt":"2022-10-19T13:16:22","guid":{"rendered":"https:\/\/infocrep.cssdm.gouv.qc.ca\/enseignants\/?p=5348"},"modified":"2022-10-20T09:16:35","modified_gmt":"2022-10-20T13:16:35","slug":"enseignants-recherches-comites-au-crep","status":"publish","type":"post","link":"https:\/\/infocrep.cssdm.gouv.qc.ca\/enseignants\/enseignants-recherches-comites-au-crep\/","title":{"rendered":"Enseignants recherch\u00e9s : Comit\u00e9s au CREP"},"content":{"rendered":"<table width=\"100%\">\n<tbody>\n<tr>\n<td>\n<table width=\"100%\">\n<tbody>\n<tr>\n<td><\/td>\n<\/tr>\n<tr>\n<td width=\"546\">Il est toujours temps de signifier votre int\u00e9r\u00eat aupr\u00e8s de Maryl\u00e8ne Bernier, si vous souhaitez participer \u00e0 l\u2019un des comit\u00e9s du CREP. Veuillez \u00e9crire \u00e0 l\u2019adresse suivante <span style=\"color: #008080;\"><a style=\"color: #008080;\" href=\"mailto:bernierma@csdm.qc.ca\">bernierma@csdm.qc.ca<\/a>.<\/span><\/p>\n<p><strong>Comit\u00e9 des \u00e9l\u00e8ves \u00e0 besoins particuliers (EBP)<\/strong><\/p>\n<p>Participer au d\u00e9veloppement des processus facilitant l&rsquo;accompagnement des apprenants ayant des difficult\u00e9s sp\u00e9cifiques. Le comit\u00e9 se penchera en premier temps sur les probl\u00e9matiques que vivent les \u00e9l\u00e8ves en processus de retour aux \u00e9tudes tout en visant la g\u00e9n\u00e9ralisation des outils \u00e0 l&rsquo;ensemble des \u00e9l\u00e8ves et des partenaires.\u00a0<span style=\"color: #008080;\"><a style=\"color: #008080;\" href=\"https:\/\/infocrep.cssdm.gouv.qc.ca\/enigma\/wp-content\/uploads\/sites\/5\/2022\/10\/Comite_EBP.png\">Cliquez ici pour visualiser les points qui seront \u00e0 travailler par le comit\u00e9 cette ann\u00e9e.<\/a><\/span><\/p>\n<p>&nbsp;<\/p>\n<p><strong>Comit\u00e9 plan de lutte \u00e0 l&rsquo;intimidation et la violence<\/strong><\/p>\n<p>Participer \u00e0 l\u2019arrimage d\u2019outils concrets de travail aux r\u00e9alit\u00e9s des diff\u00e9rents milieux\u00a0: bo\u00eetes \u00e0 outils, capsules, formations, etc.<\/p>\n<p>&nbsp;<\/p>\n<p><strong>Comit\u00e9 social<\/strong><br \/>\nParticiper \u00e0 l\u2019organisation de diverses activit\u00e9s sociales qui permettent de d\u00e9velopper la coh\u00e9sion du personnel.<\/p>\n<p>&nbsp;<\/p>\n<p><strong>Comit\u00e9 rayonnement<\/strong><br \/>\nParticiper au rayonnement du CREP tant \u00e0 l\u2019interne qu\u2019\u00e0 l\u2019externe en mettant de l\u2019avant la mission, les valeurs et les objectifs organisationnels et institutionnels \u00e0 travers : ses r\u00e9alisations, ses partenariats, ses services et ses activit\u00e9s destin\u00e9es aux \u00e9l\u00e8ves.<\/td>\n<\/tr>\n<\/tbody>\n<\/table>\n<\/td>\n<\/tr>\n<\/tbody>\n<\/table>\n","protected":false},"excerpt":{"rendered":"<p>Il est toujours temps de signifier votre int\u00e9r\u00eat aupr\u00e8s de Maryl\u00e8ne Bernier, si vous souhaitez participer \u00e0 l\u2019un des comit\u00e9s&hellip;<\/p>\n","protected":false},"author":2,"featured_media":3259,"comment_status":"closed","ping_status":"closed","sticky":false,"template":"","format":"standard","meta":{"footnotes":""},"categories":[23,33],"tags":[],"class_list":["post-5348","post","type-post","status-publish","format-standard","has-post-thumbnail","hentry","category-a-la-une","category-communique"],"_links":{"self":[{"href":"https:\/\/infocrep.cssdm.gouv.qc.ca\/enseignants\/wp-json\/wp\/v2\/posts\/5348","targetHints":{"allow":["GET"]}}],"collection":[{"href":"https:\/\/infocrep.cssdm.gouv.qc.ca\/enseignants\/wp-json\/wp\/v2\/posts"}],"about":[{"href":"https:\/\/infocrep.cssdm.gouv.qc.ca\/enseignants\/wp-json\/wp\/v2\/types\/post"}],"author":[{"embeddable":true,"href":"https:\/\/infocrep.cssdm.gouv.qc.ca\/enseignants\/wp-json\/wp\/v2\/users\/2"}],"replies":[{"embeddable":true,"href":"https:\/\/infocrep.cssdm.gouv.qc.ca\/enseignants\/wp-json\/wp\/v2\/comments?post=5348"}],"version-history":[{"count":1,"href":"https:\/\/infocrep.cssdm.gouv.qc.ca\/enseignants\/wp-json\/wp\/v2\/posts\/5348\/revisions"}],"predecessor-version":[{"id":5349,"href":"https:\/\/infocrep.cssdm.gouv.qc.ca\/enseignants\/wp-json\/wp\/v2\/posts\/5348\/revisions\/5349"}],"wp:featuredmedia":[{"embeddable":true,"href":"https:\/\/infocrep.cssdm.gouv.qc.ca\/enseignants\/wp-json\/wp\/v2\/media\/3259"}],"wp:attachment":[{"href":"https:\/\/infocrep.cssdm.gouv.qc.ca\/enseignants\/wp-json\/wp\/v2\/media?parent=5348"}],"wp:term":[{"taxonomy":"category","embeddable":true,"href":"https:\/\/infocrep.cssdm.gouv.qc.ca\/enseignants\/wp-json\/wp\/v2\/categories?post=5348"},{"taxonomy":"post_tag","embeddable":true,"href":"https:\/\/infocrep.cssdm.gouv.qc.ca\/enseignants\/wp-json\/wp\/v2\/tags?post=5348"}],"curies":[{"name":"wp","href":"https:\/\/api.w.org\/{rel}","templated":true}]}}