{"id":4733,"date":"2022-06-08T14:29:03","date_gmt":"2022-06-08T18:29:03","guid":{"rendered":"https:\/\/infocrep.cssdm.gouv.qc.ca\/enseignants\/?p=4733"},"modified":"2022-06-08T14:29:03","modified_gmt":"2022-06-08T18:29:03","slug":"4733-2","status":"publish","type":"post","link":"https:\/\/infocrep.cssdm.gouv.qc.ca\/enseignants\/4733-2\/","title":{"rendered":""},"content":{"rendered":"<p>Direction de la sanction des \u00e9tudes<\/p>\n<p>Qu\u00e9bec, le 10 juin 2020<\/p>\n<p>&nbsp;<\/p>\n<p>&nbsp;<\/p>\n<h3>\u00c0 la personne responsable de la sanction des \u00e9tudes et de l\u2019administration des \u00e9preuves minist\u00e9rielles \u00e0 la formation g\u00e9n\u00e9rale des adultes,<\/h3>\n<p><strong>\u00a0<\/strong><\/p>\n<p><strong>\u00a0<\/strong><\/p>\n<p>Madame, Monsieur,<\/p>\n<p>&nbsp;<\/p>\n<p>En raison de la situation exceptionnelle li\u00e9e \u00e0 la pand\u00e9mie, la Direction de la sanction des \u00e9tudes (DS\u00c9) vous informe de deux changements temporaires qui concernent l\u2019administration des \u00e9preuves ou des parties d\u2019\u00e9preuves. Ces deux changements permettront de suivre les recommandations en mati\u00e8re de distanciation sociale \u00e9mises par la Direction g\u00e9n\u00e9rale de la sant\u00e9 publique.<\/p>\n<p>&nbsp;<\/p>\n<p>Premi\u00e8rement, la DS\u00c9 autorise temporairement l\u2019envoi par courriel des cahiers de pr\u00e9paration aux \u00e9preuves. Ils devront \u00eatre envoy\u00e9s par courriel en format PDF aux adultes inscrits dans les cours concern\u00e9s. Veuillez noter que cette modification temporaire <strong>ne s\u2019applique pas <\/strong>aux \u00e9preuves de francisation.<\/p>\n<p>&nbsp;<\/p>\n<p>Deuxi\u00e8mement, pour les \u00e9preuves ou les parties d\u2019\u00e9preuves en communication orale, la DS\u00c9 autorise temporairement de r\u00e9duire l\u2019auditoire \u00e0 la seule pr\u00e9sence du responsable de l\u2019\u00e9valuation.<\/p>\n<p>&nbsp;<\/p>\n<h3>En aucun cas, il n\u2019est autoris\u00e9 d\u2019\u00e9valuer les communications orales \u00e0 distance.<\/h3>\n<p><strong>\u00a0<\/strong><\/p>\n<p>Pour toute question concernant les r\u00e8gles de sanction, veuillez communiquer avec M<sup>me<\/sup> Genevi\u00e8ve Moreau \u00e0 l\u2019adresse <span style=\"color: #008080;\"><a style=\"color: #008080;\" href=\"mailto:genevieve.moreau@education.gouv.qc.ca\">genevieve.moreau@education.gouv.qc.ca.<\/a><\/span><\/p>\n<p>&nbsp;<\/p>\n<p>Veuillez agr\u00e9er, Madame, Monsieur, mes salutations distingu\u00e9es.<\/p>\n<p>&nbsp;<\/p>\n<p>&nbsp;<\/p>\n<p>La directrice,<\/p>\n<p>Joane Cardinal<\/p>\n<p>&nbsp;<\/p>\n","protected":false},"excerpt":{"rendered":"<p>Direction de la sanction des \u00e9tudes Qu\u00e9bec, le 10 juin 2020 &nbsp; &nbsp; \u00c0 la personne responsable de la sanction&hellip;<\/p>\n","protected":false},"author":2,"featured_media":4730,"comment_status":"closed","ping_status":"closed","sticky":false,"template":"","format":"standard","meta":{"footnotes":""},"categories":[15,32,20],"tags":[],"class_list":["post-4733","post","type-post","status-publish","format-standard","has-post-thumbnail","hentry","category-enseignants","category-info-sanction","category-pedagogie"],"_links":{"self":[{"href":"https:\/\/infocrep.cssdm.gouv.qc.ca\/enseignants\/wp-json\/wp\/v2\/posts\/4733","targetHints":{"allow":["GET"]}}],"collection":[{"href":"https:\/\/infocrep.cssdm.gouv.qc.ca\/enseignants\/wp-json\/wp\/v2\/posts"}],"about":[{"href":"https:\/\/infocrep.cssdm.gouv.qc.ca\/enseignants\/wp-json\/wp\/v2\/types\/post"}],"author":[{"embeddable":true,"href":"https:\/\/infocrep.cssdm.gouv.qc.ca\/enseignants\/wp-json\/wp\/v2\/users\/2"}],"replies":[{"embeddable":true,"href":"https:\/\/infocrep.cssdm.gouv.qc.ca\/enseignants\/wp-json\/wp\/v2\/comments?post=4733"}],"version-history":[{"count":1,"href":"https:\/\/infocrep.cssdm.gouv.qc.ca\/enseignants\/wp-json\/wp\/v2\/posts\/4733\/revisions"}],"predecessor-version":[{"id":4734,"href":"https:\/\/infocrep.cssdm.gouv.qc.ca\/enseignants\/wp-json\/wp\/v2\/posts\/4733\/revisions\/4734"}],"wp:featuredmedia":[{"embeddable":true,"href":"https:\/\/infocrep.cssdm.gouv.qc.ca\/enseignants\/wp-json\/wp\/v2\/media\/4730"}],"wp:attachment":[{"href":"https:\/\/infocrep.cssdm.gouv.qc.ca\/enseignants\/wp-json\/wp\/v2\/media?parent=4733"}],"wp:term":[{"taxonomy":"category","embeddable":true,"href":"https:\/\/infocrep.cssdm.gouv.qc.ca\/enseignants\/wp-json\/wp\/v2\/categories?post=4733"},{"taxonomy":"post_tag","embeddable":true,"href":"https:\/\/infocrep.cssdm.gouv.qc.ca\/enseignants\/wp-json\/wp\/v2\/tags?post=4733"}],"curies":[{"name":"wp","href":"https:\/\/api.w.org\/{rel}","templated":true}]}}