{"id":4596,"date":"2022-05-04T09:01:55","date_gmt":"2022-05-04T13:01:55","guid":{"rendered":"https:\/\/infocrep.cssdm.gouv.qc.ca\/enseignants\/?p=4596"},"modified":"2022-05-11T09:03:44","modified_gmt":"2022-05-11T13:03:44","slug":"la-fondation-place-des-arts-vous-invite-a-un-spectacle-gratuit","status":"publish","type":"post","link":"https:\/\/infocrep.cssdm.gouv.qc.ca\/enseignants\/la-fondation-place-des-arts-vous-invite-a-un-spectacle-gratuit\/","title":{"rendered":"La Fondation Place des Arts vous invite \u00e0 un spectacle gratuit"},"content":{"rendered":"<p>La Fondation de la Place des Arts invite les enseignants et leurs \u00e9l\u00e8ves \u00e0 assister gratuitement \u00e0 la 11e \u00e9dition de la Grande Premi\u00e8re des futures \u00e9toiles, le mardi 7 juin 2022 \u00e0 20 heures au Th\u00e9\u00e2tre Maisonneuve de la Place des Arts.<\/p>\n<p><strong><a href=\"https:\/\/infocrep.cssdm.gouv.qc.ca\/enseignants\/wp-content\/uploads\/sites\/6\/2022\/05\/Invitation-Collectivite-GPFE-2022-002.pdf\">Cliquez ICI pour prendre connaissance de l\u2019invitation officielle<\/a><\/strong>\u00a0pour en savoir davantage sur la soir\u00e9e et\u00a0<strong><a href=\"https:\/\/docs.google.com\/forms\/d\/e\/1FAIpQLSfZ4dIa8H8XGUY5UGvqD-8bfeH_62j_yIaUwzspAzH3FMwp2g\/viewform\">cliquez ICI pour remplir\u00a0le formulaire en ligne pour r\u00e9server vos places.<\/p>\n<p><\/a><\/strong>Pour de plus amples renseignements, veuillez communiquer avec :<\/p>\n<p>Emile Bonetti<br \/>\nCoordonnateur, communications et administration<br \/>\nT : 514-285-4535 | <strong><a href=\"mailto:ebonetti@fondationplacedesarts.com\">ebonetti@fondationplacedesarts.com<\/a><\/strong><\/p>\n","protected":false},"excerpt":{"rendered":"<p>La Fondation de la Place des Arts invite les enseignants et leurs \u00e9l\u00e8ves \u00e0 assister gratuitement \u00e0 la 11e \u00e9dition&hellip;<\/p>\n","protected":false},"author":2,"featured_media":4597,"comment_status":"closed","ping_status":"closed","sticky":false,"template":"","format":"standard","meta":{"footnotes":""},"categories":[23,16],"tags":[],"class_list":["post-4596","post","type-post","status-publish","format-standard","has-post-thumbnail","hentry","category-a-la-une","category-evenements"],"_links":{"self":[{"href":"https:\/\/infocrep.cssdm.gouv.qc.ca\/enseignants\/wp-json\/wp\/v2\/posts\/4596","targetHints":{"allow":["GET"]}}],"collection":[{"href":"https:\/\/infocrep.cssdm.gouv.qc.ca\/enseignants\/wp-json\/wp\/v2\/posts"}],"about":[{"href":"https:\/\/infocrep.cssdm.gouv.qc.ca\/enseignants\/wp-json\/wp\/v2\/types\/post"}],"author":[{"embeddable":true,"href":"https:\/\/infocrep.cssdm.gouv.qc.ca\/enseignants\/wp-json\/wp\/v2\/users\/2"}],"replies":[{"embeddable":true,"href":"https:\/\/infocrep.cssdm.gouv.qc.ca\/enseignants\/wp-json\/wp\/v2\/comments?post=4596"}],"version-history":[{"count":1,"href":"https:\/\/infocrep.cssdm.gouv.qc.ca\/enseignants\/wp-json\/wp\/v2\/posts\/4596\/revisions"}],"predecessor-version":[{"id":4598,"href":"https:\/\/infocrep.cssdm.gouv.qc.ca\/enseignants\/wp-json\/wp\/v2\/posts\/4596\/revisions\/4598"}],"wp:featuredmedia":[{"embeddable":true,"href":"https:\/\/infocrep.cssdm.gouv.qc.ca\/enseignants\/wp-json\/wp\/v2\/media\/4597"}],"wp:attachment":[{"href":"https:\/\/infocrep.cssdm.gouv.qc.ca\/enseignants\/wp-json\/wp\/v2\/media?parent=4596"}],"wp:term":[{"taxonomy":"category","embeddable":true,"href":"https:\/\/infocrep.cssdm.gouv.qc.ca\/enseignants\/wp-json\/wp\/v2\/categories?post=4596"},{"taxonomy":"post_tag","embeddable":true,"href":"https:\/\/infocrep.cssdm.gouv.qc.ca\/enseignants\/wp-json\/wp\/v2\/tags?post=4596"}],"curies":[{"name":"wp","href":"https:\/\/api.w.org\/{rel}","templated":true}]}}