{"id":3576,"date":"2022-01-14T17:19:55","date_gmt":"2022-01-14T22:19:55","guid":{"rendered":"https:\/\/infocrep.cssdm.gouv.qc.ca\/enseignants\/?p=3576"},"modified":"2022-01-14T17:19:55","modified_gmt":"2022-01-14T22:19:55","slug":"3576-2","status":"publish","type":"post","link":"https:\/\/infocrep.cssdm.gouv.qc.ca\/enseignants\/3576-2\/","title":{"rendered":""},"content":{"rendered":"<p>Bonjour,<\/p>\n<p>En ces temps d\u2019isolement reli\u00e9 \u00e0 la COVID-19, j\u2019esp\u00e8re que votre famille et vos proches se portent bien. Je suis conscient que ces \u00e9v\u00e8nements bousculent votre quotidien. N\u00e9anmoins, j\u2019aimerais vous mentionner que l\u2019\u00e9quipe de direction pense \u00e0 vous.<\/p>\n<p>Par ailleurs, je remercie nos enseignants d\u2019avoir \u00e9t\u00e9 en mesure de basculer aussi rapidement en enseignement \u00e0 distance aupr\u00e8s de nos \u00e9l\u00e8ves. De plus, je remercie chaleureusement les membres du personnel qui continuent d\u2019assurer les suivis importants des op\u00e9rations essentielles pour que les payes, les factures et le suivi administratif concernant nos \u00e9l\u00e8ves soient r\u00e9alis\u00e9s afin de limiter les effets de la pr\u00e9sente situation.<\/p>\n<p>Voici quelques points d\u2019information en suivi aux derni\u00e8res directives minist\u00e9rielles\u00a0:<\/p>\n<ul>\n<li>Dans le contexte pand\u00e9mique actuel, le minist\u00e8re de l&rsquo;\u00c9ducation (MEQ) met en place certaines dispositions visant \u00e0 s\u00e9curiser le personnel scolaire \u0153uvrant aupr\u00e8s des \u00e9l\u00e8ves handicap\u00e9s ou en difficult\u00e9 d&rsquo;adaptation ou d&rsquo;apprentissage. Ainsi, il a \u00e9t\u00e9 d\u00e9cid\u00e9 que des masques N95 seront distribu\u00e9s au CREP <u>pour l\u2019utilisation des enseignants uniquement<\/u>, mais son utilisation n\u2019est toutefois <u>pas obligatoire<\/u>. Afin d&rsquo;assurer la bonne utilisation de cet \u00e9quipement de protection individuel, une capsule vid\u00e9o expliquant comment installer et ajuster ad\u00e9quatement le masque N95 est disponible au lien suivant :\u00a0<strong><span style=\"color: #008080;\"> <a style=\"color: #008080;\" href=\"https:\/\/www.youtube.com\/watch?v=TMxcro1JHC8\">Vid\u00e9o<\/a>.<\/span><\/strong><\/li>\n<\/ul>\n<p style=\"padding-left: 40px;\">Nous savons que le retour en classe est pr\u00e9vu pour le 17 janvier 2022.\u00a0 N\u00e9anmoins, nous\u00a0 d\u00e9buterons les cours en pr\u00e9sentiel, c\u2019est-\u00e0-dire en classe, le mercredi 19 janvier 2022 afin de permettre la distribution de masques de protection N95 aux enseignants qui d\u00e9sireraient s\u2019en procurer.<\/p>\n<ul>\n<li>Les 17 et 18 janvier 2022, l\u2019enseignement se fera \u00e0 distance.<\/li>\n<li>Le 17 janvier 2022, nous demandons aux enseignants d\u00e9sirant avoir un masque de protection N95 d\u2019en faire la demande par le biais de la <span style=\"color: #008080;\"><strong><a style=\"color: #008080;\" href=\"https:\/\/infocrep.cssdm.gouv.qc.ca\/prets\/\">plateforme de demande de mat\u00e9riel du CREP<\/a>.<\/strong><\/span> Lorsque le mat\u00e9riel sera pr\u00eat, vous recevrez un courriel afin de venir le r\u00e9cup\u00e9rer au CREP.<\/li>\n<li>Les \u00e9l\u00e8ves de la formation g\u00e9n\u00e9rale des adultes ainsi que le personnel seront tenus de porter le masque en tout temps. Pour les \u00e9l\u00e8ves, le masque de proc\u00e9dure.\u00a0 Pour les enseignants, le masque de proc\u00e9dure ou le masque N95.<\/li>\n<li>Une plus grande quantit\u00e9 de masques de proc\u00e9dure seront disponibles dans les \u00e9tablissements scolaires. Les \u00e9l\u00e8ves et les membres du personnel pourront ainsi le remplacer plus souvent, lorsque n\u00e9cessaire.<\/li>\n<li>Pr\u00e9cisons que le masque peut \u00eatre retir\u00e9 pour manger. Le <u>2 m\u00e8tres de distanciation demeure pour l\u2019enseignant uniquement<\/u>.<\/li>\n<li>Un courriel sera envoy\u00e9 aux organismes avec un contenu similaire \u00e0 cette lettre. Toutefois, nous vous demandons, dans la mesure du possible, d\u2019en aviser vos \u00e9l\u00e8ves.<\/li>\n<\/ul>\n<p>Afin de contrer la propagation du virus, les mesures sanitaires prescrites par la Direction g\u00e9n\u00e9rale de la sant\u00e9 publique doivent continuer de s&rsquo;appliquer pour la s\u00e9curit\u00e9 du personnel et des \u00e9l\u00e8ves.<\/p>\n<p>Je vous remercie encore une fois de votre pr\u00e9cieuse collaboration.<\/p>\n<p>Veuillez agr\u00e9er mes salutations distingu\u00e9es.<\/p>\n<p>&nbsp;<\/p>\n<p>Alain Guillemette<\/p>\n<p>Directeur<\/p>\n","protected":false},"excerpt":{"rendered":"<p>Bonjour, En ces temps d\u2019isolement reli\u00e9 \u00e0 la COVID-19, j\u2019esp\u00e8re que votre famille et vos proches se portent bien. Je&hellip;<\/p>\n","protected":false},"author":2,"featured_media":3282,"comment_status":"closed","ping_status":"closed","sticky":false,"template":"","format":"standard","meta":{"footnotes":""},"categories":[23,15],"tags":[],"class_list":["post-3576","post","type-post","status-publish","format-standard","has-post-thumbnail","hentry","category-a-la-une","category-enseignants"],"_links":{"self":[{"href":"https:\/\/infocrep.cssdm.gouv.qc.ca\/enseignants\/wp-json\/wp\/v2\/posts\/3576","targetHints":{"allow":["GET"]}}],"collection":[{"href":"https:\/\/infocrep.cssdm.gouv.qc.ca\/enseignants\/wp-json\/wp\/v2\/posts"}],"about":[{"href":"https:\/\/infocrep.cssdm.gouv.qc.ca\/enseignants\/wp-json\/wp\/v2\/types\/post"}],"author":[{"embeddable":true,"href":"https:\/\/infocrep.cssdm.gouv.qc.ca\/enseignants\/wp-json\/wp\/v2\/users\/2"}],"replies":[{"embeddable":true,"href":"https:\/\/infocrep.cssdm.gouv.qc.ca\/enseignants\/wp-json\/wp\/v2\/comments?post=3576"}],"version-history":[{"count":1,"href":"https:\/\/infocrep.cssdm.gouv.qc.ca\/enseignants\/wp-json\/wp\/v2\/posts\/3576\/revisions"}],"predecessor-version":[{"id":3577,"href":"https:\/\/infocrep.cssdm.gouv.qc.ca\/enseignants\/wp-json\/wp\/v2\/posts\/3576\/revisions\/3577"}],"wp:featuredmedia":[{"embeddable":true,"href":"https:\/\/infocrep.cssdm.gouv.qc.ca\/enseignants\/wp-json\/wp\/v2\/media\/3282"}],"wp:attachment":[{"href":"https:\/\/infocrep.cssdm.gouv.qc.ca\/enseignants\/wp-json\/wp\/v2\/media?parent=3576"}],"wp:term":[{"taxonomy":"category","embeddable":true,"href":"https:\/\/infocrep.cssdm.gouv.qc.ca\/enseignants\/wp-json\/wp\/v2\/categories?post=3576"},{"taxonomy":"post_tag","embeddable":true,"href":"https:\/\/infocrep.cssdm.gouv.qc.ca\/enseignants\/wp-json\/wp\/v2\/tags?post=3576"}],"curies":[{"name":"wp","href":"https:\/\/api.w.org\/{rel}","templated":true}]}}