{"id":2485,"date":"2021-10-15T08:57:24","date_gmt":"2021-10-15T12:57:24","guid":{"rendered":"https:\/\/infocrep.cssdm.gouv.qc.ca\/enseignants\/?p=2485"},"modified":"2021-11-10T15:46:17","modified_gmt":"2021-11-10T20:46:17","slug":"invitation-au-lancement-de-lexposition-virtuelle-respirer-lar","status":"publish","type":"post","link":"https:\/\/infocrep.cssdm.gouv.qc.ca\/enseignants\/invitation-au-lancement-de-lexposition-virtuelle-respirer-lar\/","title":{"rendered":"Invitation au lancement de l&rsquo;exposition virtuelle Respirer l&rsquo;art"},"content":{"rendered":"<table width=\"100%\">\n<tbody>\n<tr>\n<td>\n<table width=\"100%\">\n<tbody>\n<tr>\n<td width=\"600\">\n<table style=\"height: 345px\" width=\"568\">\n<tbody>\n<tr>\n<td><strong>Quand l&rsquo;art est notre oxyg\u00e8ne<\/strong><\/p>\n<p>Nous sommes heureux de vous inviter ce <strong>vendredi, 15 octobre \u00e0 14 h<\/strong> au lancement de l\u2019exposition virtuelle <strong><em>Respirer l\u2019art<\/em><\/strong>. Ce projet a \u00e9t\u00e9 rendu possible gr\u00e2ce \u00e0 une collaboration entre le Crep et les artistes de l\u2019atelier de d\u00e9marche artistique de Prise II qui sont\u00a0inscrits au parcours de l\u2019int\u00e9gration sociale avec l&rsquo;enseignante Marie-Andr\u00e9e Rho. Cette exposition virtuelle r\u00e9unit les \u0153uvres des artistes r\u00e9alis\u00e9es au cours des deux derni\u00e8res ann\u00e9es. Venez d\u00e9couvrir leurs univers cr\u00e9atifs ainsi que leurs d\u00e9marches artistiques.<\/p>\n<p><strong>Quand : Ce vendredi, 15 octobre\u00a0\u00e0 14h<\/strong><strong><br \/>\nO\u00f9 : En ligne sur Zoom, cliquez sur le lien suivant &#8211;\u00a0\u00a0<\/strong><em><strong><a href=\"https:\/\/iclecrep.us14.list-manage.com\/track\/click?u=73b2a01dab12a6b4003a69e3d&amp;id=26d66e220e&amp;e=ac4344b8b8\">https:\/\/us02web.zoom.us\/j\/84037215730<\/a><\/strong><\/em><\/td>\n<\/tr>\n<\/tbody>\n<\/table>\n<\/td>\n<\/tr>\n<\/tbody>\n<\/table>\n<\/td>\n<\/tr>\n<\/tbody>\n<\/table>\n","protected":false},"excerpt":{"rendered":"<p>Quand l&rsquo;art est notre oxyg\u00e8ne Nous sommes heureux de vous inviter ce vendredi, 15 octobre \u00e0 14 h au lancement&hellip;<\/p>\n","protected":false},"author":2,"featured_media":2486,"comment_status":"closed","ping_status":"closed","sticky":false,"template":"","format":"standard","meta":{"footnotes":""},"categories":[23,13],"tags":[],"class_list":["post-2485","post","type-post","status-publish","format-standard","has-post-thumbnail","hentry","category-a-la-une","category-general"],"_links":{"self":[{"href":"https:\/\/infocrep.cssdm.gouv.qc.ca\/enseignants\/wp-json\/wp\/v2\/posts\/2485","targetHints":{"allow":["GET"]}}],"collection":[{"href":"https:\/\/infocrep.cssdm.gouv.qc.ca\/enseignants\/wp-json\/wp\/v2\/posts"}],"about":[{"href":"https:\/\/infocrep.cssdm.gouv.qc.ca\/enseignants\/wp-json\/wp\/v2\/types\/post"}],"author":[{"embeddable":true,"href":"https:\/\/infocrep.cssdm.gouv.qc.ca\/enseignants\/wp-json\/wp\/v2\/users\/2"}],"replies":[{"embeddable":true,"href":"https:\/\/infocrep.cssdm.gouv.qc.ca\/enseignants\/wp-json\/wp\/v2\/comments?post=2485"}],"version-history":[{"count":4,"href":"https:\/\/infocrep.cssdm.gouv.qc.ca\/enseignants\/wp-json\/wp\/v2\/posts\/2485\/revisions"}],"predecessor-version":[{"id":2922,"href":"https:\/\/infocrep.cssdm.gouv.qc.ca\/enseignants\/wp-json\/wp\/v2\/posts\/2485\/revisions\/2922"}],"wp:featuredmedia":[{"embeddable":true,"href":"https:\/\/infocrep.cssdm.gouv.qc.ca\/enseignants\/wp-json\/wp\/v2\/media\/2486"}],"wp:attachment":[{"href":"https:\/\/infocrep.cssdm.gouv.qc.ca\/enseignants\/wp-json\/wp\/v2\/media?parent=2485"}],"wp:term":[{"taxonomy":"category","embeddable":true,"href":"https:\/\/infocrep.cssdm.gouv.qc.ca\/enseignants\/wp-json\/wp\/v2\/categories?post=2485"},{"taxonomy":"post_tag","embeddable":true,"href":"https:\/\/infocrep.cssdm.gouv.qc.ca\/enseignants\/wp-json\/wp\/v2\/tags?post=2485"}],"curies":[{"name":"wp","href":"https:\/\/api.w.org\/{rel}","templated":true}]}}