{"id":10984,"date":"2026-06-02T15:10:19","date_gmt":"2026-06-02T20:10:19","guid":{"rendered":"https:\/\/infocrep.cssdm.gouv.qc.ca\/enseignants\/?p=10984"},"modified":"2026-06-03T13:39:16","modified_gmt":"2026-06-03T18:39:16","slug":"manifestation-dinteret-enseignants-a-taux-horaire-2026-2027","status":"publish","type":"post","link":"https:\/\/infocrep.cssdm.gouv.qc.ca\/enseignants\/manifestation-dinteret-enseignants-a-taux-horaire-2026-2027\/","title":{"rendered":"Manifestation d\u2019int\u00e9r\u00eat\u00a0: Enseignants \u00e0 taux horaire et \u00e0 contrat 2026-2027"},"content":{"rendered":"<p>Nous vous invitons \u00e0 nous faire part de vos int\u00e9r\u00eats pour certains organismes ou certaines client\u00e8les en vue de l\u2019ann\u00e9e scolaire <strong>2026-2027<\/strong>.<\/p>\n<p>Le formulaire ci-dessous nous permettra de mieux conna\u00eetre vos pr\u00e9f\u00e9rences et de vous contacter plus rapidement pour les postes qui ne seraient pas combl\u00e9s lors du deuxi\u00e8me affichage, pr\u00e9vu \u00e0 la fin du mois d\u2019ao\u00fbt.<\/p>\n<p>Vous trouverez \u00e9galement, <a href=\"https:\/\/infocrep.cssdm.gouv.qc.ca\/enseignants\/wp-content\/uploads\/sites\/6\/securepdfs\/2026\/06\/26-27-AFFECTATION-ENSEIGNANTS_TH_3.pdf\"><strong>en cliquant sur ce lien<\/strong><\/a>, un tableau des organismes ayant exprim\u00e9 des besoins de services pour l\u2019an prochain. Le nom de la direction adjointe responsable ainsi que celui de l\u2019enseignant actuellement en poste y sont indiqu\u00e9s afin que vous puissiez obtenir des renseignements suppl\u00e9mentaires, au besoin.<\/p>\n<p>Merci de remplir le formulaire <a href=\"https:\/\/forms.cloud.microsoft\/Pages\/ResponsePage.aspx?id=0bLmbDdGI0qsfSVDuUeXH_TN3FPbOf1CkU7rnggiCyxUOEVDNzhWV0IyUlRLOEFCS0hCMUMwRFRTRCQlQCN0PWcu\"><strong>Manifestation d\u2019int\u00e9r\u00eat pour les enseignants \u00e0 taux horaire et \u00e0 contrat 2026-2027<\/strong><\/a> en cliquant ici <strong><u>au plus tard le 12<\/u><\/strong> <strong><u>juin<\/u><\/strong>, en indiquant jusqu\u2019\u00e0 <strong>trois choix d\u2019affectation<\/strong>.<\/p>\n<p>Merci de votre collaboration.<\/p>\n","protected":false},"excerpt":{"rendered":"<p>Nous vous invitons \u00e0 nous faire part de vos int\u00e9r\u00eats pour certains organismes ou certaines client\u00e8les en vue de l\u2019ann\u00e9e&hellip;<\/p>\n","protected":false},"author":2,"featured_media":10985,"comment_status":"closed","ping_status":"closed","sticky":false,"template":"","format":"standard","meta":{"footnotes":""},"categories":[23,31],"tags":[],"class_list":["post-10984","post","type-post","status-publish","format-standard","has-post-thumbnail","hentry","category-a-la-une","category-bulletin"],"_links":{"self":[{"href":"https:\/\/infocrep.cssdm.gouv.qc.ca\/enseignants\/wp-json\/wp\/v2\/posts\/10984","targetHints":{"allow":["GET"]}}],"collection":[{"href":"https:\/\/infocrep.cssdm.gouv.qc.ca\/enseignants\/wp-json\/wp\/v2\/posts"}],"about":[{"href":"https:\/\/infocrep.cssdm.gouv.qc.ca\/enseignants\/wp-json\/wp\/v2\/types\/post"}],"author":[{"embeddable":true,"href":"https:\/\/infocrep.cssdm.gouv.qc.ca\/enseignants\/wp-json\/wp\/v2\/users\/2"}],"replies":[{"embeddable":true,"href":"https:\/\/infocrep.cssdm.gouv.qc.ca\/enseignants\/wp-json\/wp\/v2\/comments?post=10984"}],"version-history":[{"count":2,"href":"https:\/\/infocrep.cssdm.gouv.qc.ca\/enseignants\/wp-json\/wp\/v2\/posts\/10984\/revisions"}],"predecessor-version":[{"id":10993,"href":"https:\/\/infocrep.cssdm.gouv.qc.ca\/enseignants\/wp-json\/wp\/v2\/posts\/10984\/revisions\/10993"}],"wp:featuredmedia":[{"embeddable":true,"href":"https:\/\/infocrep.cssdm.gouv.qc.ca\/enseignants\/wp-json\/wp\/v2\/media\/10985"}],"wp:attachment":[{"href":"https:\/\/infocrep.cssdm.gouv.qc.ca\/enseignants\/wp-json\/wp\/v2\/media?parent=10984"}],"wp:term":[{"taxonomy":"category","embeddable":true,"href":"https:\/\/infocrep.cssdm.gouv.qc.ca\/enseignants\/wp-json\/wp\/v2\/categories?post=10984"},{"taxonomy":"post_tag","embeddable":true,"href":"https:\/\/infocrep.cssdm.gouv.qc.ca\/enseignants\/wp-json\/wp\/v2\/tags?post=10984"}],"curies":[{"name":"wp","href":"https:\/\/api.w.org\/{rel}","templated":true}]}}