{"id":10786,"date":"2026-03-13T10:37:49","date_gmt":"2026-03-13T15:37:49","guid":{"rendered":"https:\/\/infocrep.cssdm.gouv.qc.ca\/enseignants\/?p=10786"},"modified":"2026-03-13T10:37:49","modified_gmt":"2026-03-13T15:37:49","slug":"le-centre-communautaire-radisson-prime-pour-son-impact-social","status":"publish","type":"post","link":"https:\/\/infocrep.cssdm.gouv.qc.ca\/enseignants\/le-centre-communautaire-radisson-prime-pour-son-impact-social\/","title":{"rendered":"Le Centre communautaire Radisson prim\u00e9 pour son impact social"},"content":{"rendered":"<p>C\u2019est avec beaucoup de fiert\u00e9 que nous soulignons que le <span style=\"color: #008080;\"><a style=\"color: #008080;\" href=\"https:\/\/centreradisson.com\/\"><strong>Centre communautaire Radisson<\/strong><\/a>\u00a0<\/span>a re\u00e7u r\u00e9cemment, le<strong>\u00a0<\/strong>prix Solidaires 2026 de Centraide du Grand Montr\u00e9a<strong>l<\/strong>, dans la cat\u00e9gorie\u00a0<em>Transformation sociale et pouvoir d\u2019agir<\/em>, pour son initiative La Trajectoire Radisson.<\/p>\n<p>Cette distinction prestigieuse met en lumi\u00e8re un projet porteur qui favorise l\u2019engagement, l\u2019autonomie et le pouvoir d\u2019agir des personnes au sein de leur communaut\u00e9. Elle reconna\u00eet \u00e9galement le travail remarquable de l\u2019\u00e9quipe, des membres, des b\u00e9n\u00e9voles et des partenaires qui contribuent chaque jour \u00e0 faire vivre cette mission.<\/p>\n<p>Nous adressons nos sinc\u00e8res f\u00e9licitations \u00e0 toute l\u2019\u00e9quipe du Centre communautaire Radisson pour cette reconnaissance pleinement m\u00e9rit\u00e9e!<\/p>\n","protected":false},"excerpt":{"rendered":"<p>C\u2019est avec beaucoup de fiert\u00e9 que nous soulignons que le Centre communautaire Radisson\u00a0a re\u00e7u r\u00e9cemment, le\u00a0prix Solidaires 2026 de Centraide&hellip;<\/p>\n","protected":false},"author":2,"featured_media":10787,"comment_status":"closed","ping_status":"closed","sticky":false,"template":"","format":"standard","meta":{"footnotes":""},"categories":[23,31],"tags":[],"class_list":["post-10786","post","type-post","status-publish","format-standard","has-post-thumbnail","hentry","category-a-la-une","category-bulletin"],"_links":{"self":[{"href":"https:\/\/infocrep.cssdm.gouv.qc.ca\/enseignants\/wp-json\/wp\/v2\/posts\/10786","targetHints":{"allow":["GET"]}}],"collection":[{"href":"https:\/\/infocrep.cssdm.gouv.qc.ca\/enseignants\/wp-json\/wp\/v2\/posts"}],"about":[{"href":"https:\/\/infocrep.cssdm.gouv.qc.ca\/enseignants\/wp-json\/wp\/v2\/types\/post"}],"author":[{"embeddable":true,"href":"https:\/\/infocrep.cssdm.gouv.qc.ca\/enseignants\/wp-json\/wp\/v2\/users\/2"}],"replies":[{"embeddable":true,"href":"https:\/\/infocrep.cssdm.gouv.qc.ca\/enseignants\/wp-json\/wp\/v2\/comments?post=10786"}],"version-history":[{"count":1,"href":"https:\/\/infocrep.cssdm.gouv.qc.ca\/enseignants\/wp-json\/wp\/v2\/posts\/10786\/revisions"}],"predecessor-version":[{"id":10788,"href":"https:\/\/infocrep.cssdm.gouv.qc.ca\/enseignants\/wp-json\/wp\/v2\/posts\/10786\/revisions\/10788"}],"wp:featuredmedia":[{"embeddable":true,"href":"https:\/\/infocrep.cssdm.gouv.qc.ca\/enseignants\/wp-json\/wp\/v2\/media\/10787"}],"wp:attachment":[{"href":"https:\/\/infocrep.cssdm.gouv.qc.ca\/enseignants\/wp-json\/wp\/v2\/media?parent=10786"}],"wp:term":[{"taxonomy":"category","embeddable":true,"href":"https:\/\/infocrep.cssdm.gouv.qc.ca\/enseignants\/wp-json\/wp\/v2\/categories?post=10786"},{"taxonomy":"post_tag","embeddable":true,"href":"https:\/\/infocrep.cssdm.gouv.qc.ca\/enseignants\/wp-json\/wp\/v2\/tags?post=10786"}],"curies":[{"name":"wp","href":"https:\/\/api.w.org\/{rel}","templated":true}]}}