{"id":10734,"date":"2026-02-04T15:41:46","date_gmt":"2026-02-04T20:41:46","guid":{"rendered":"https:\/\/infocrep.cssdm.gouv.qc.ca\/enseignants\/?p=10734"},"modified":"2026-02-05T09:52:50","modified_gmt":"2026-02-05T14:52:50","slug":"du-mouvement-a-lorganisation-scolaire-du-cre","status":"publish","type":"post","link":"https:\/\/infocrep.cssdm.gouv.qc.ca\/enseignants\/du-mouvement-a-lorganisation-scolaire-du-cre\/","title":{"rendered":"Du mouvement \u00e0 l\u2019organisation scolaire du CREP"},"content":{"rendered":"<p>Apr\u00e8s plusieurs ann\u00e9es au CREP, Mireille Mendo, agente de bureau, nous quittera le 13 f\u00e9vrier prochain afin de relever un nouveau d\u00e9fi professionnel. Elle a obtenu une promotion et occupera d\u00e9sormais le poste de secr\u00e9taire d\u2019\u00e9cole \u00e0 Marie-Favery. Nous la f\u00e9licitons chaleureusement et la remercions pour son apport pr\u00e9cieux au CREP.<\/p>\n<p>Nous souhaitons \u00e9galement la bienvenue \u00e0 France Annie Marie Dussault, qui prendra la rel\u00e8ve \u00e0 titre d\u2019agente de bureau. Nous accueillerons aussi Tamisha A\u00efsha Jolicoeur, qui se joint \u00e0 l\u2019\u00e9quipe en remplacement de Nadia Siline et de Nadia Moghrani.<\/p>\n","protected":false},"excerpt":{"rendered":"<p>Apr\u00e8s plusieurs ann\u00e9es au CREP, Mireille Mendo, agente de bureau, nous quittera le 13 f\u00e9vrier prochain afin de relever un&hellip;<\/p>\n","protected":false},"author":2,"featured_media":10735,"comment_status":"closed","ping_status":"closed","sticky":false,"template":"","format":"standard","meta":{"footnotes":""},"categories":[23,31],"tags":[],"class_list":["post-10734","post","type-post","status-publish","format-standard","has-post-thumbnail","hentry","category-a-la-une","category-bulletin"],"_links":{"self":[{"href":"https:\/\/infocrep.cssdm.gouv.qc.ca\/enseignants\/wp-json\/wp\/v2\/posts\/10734","targetHints":{"allow":["GET"]}}],"collection":[{"href":"https:\/\/infocrep.cssdm.gouv.qc.ca\/enseignants\/wp-json\/wp\/v2\/posts"}],"about":[{"href":"https:\/\/infocrep.cssdm.gouv.qc.ca\/enseignants\/wp-json\/wp\/v2\/types\/post"}],"author":[{"embeddable":true,"href":"https:\/\/infocrep.cssdm.gouv.qc.ca\/enseignants\/wp-json\/wp\/v2\/users\/2"}],"replies":[{"embeddable":true,"href":"https:\/\/infocrep.cssdm.gouv.qc.ca\/enseignants\/wp-json\/wp\/v2\/comments?post=10734"}],"version-history":[{"count":2,"href":"https:\/\/infocrep.cssdm.gouv.qc.ca\/enseignants\/wp-json\/wp\/v2\/posts\/10734\/revisions"}],"predecessor-version":[{"id":10745,"href":"https:\/\/infocrep.cssdm.gouv.qc.ca\/enseignants\/wp-json\/wp\/v2\/posts\/10734\/revisions\/10745"}],"wp:featuredmedia":[{"embeddable":true,"href":"https:\/\/infocrep.cssdm.gouv.qc.ca\/enseignants\/wp-json\/wp\/v2\/media\/10735"}],"wp:attachment":[{"href":"https:\/\/infocrep.cssdm.gouv.qc.ca\/enseignants\/wp-json\/wp\/v2\/media?parent=10734"}],"wp:term":[{"taxonomy":"category","embeddable":true,"href":"https:\/\/infocrep.cssdm.gouv.qc.ca\/enseignants\/wp-json\/wp\/v2\/categories?post=10734"},{"taxonomy":"post_tag","embeddable":true,"href":"https:\/\/infocrep.cssdm.gouv.qc.ca\/enseignants\/wp-json\/wp\/v2\/tags?post=10734"}],"curies":[{"name":"wp","href":"https:\/\/api.w.org\/{rel}","templated":true}]}}