{"id":10727,"date":"2026-02-04T15:38:59","date_gmt":"2026-02-04T20:38:59","guid":{"rendered":"https:\/\/infocrep.cssdm.gouv.qc.ca\/enseignants\/?p=10727"},"modified":"2026-02-04T15:38:59","modified_gmt":"2026-02-04T20:38:59","slug":"journees-de-la-perseverance-scolaire-16-au-20-fevrier-2026","status":"publish","type":"post","link":"https:\/\/infocrep.cssdm.gouv.qc.ca\/enseignants\/journees-de-la-perseverance-scolaire-16-au-20-fevrier-2026\/","title":{"rendered":"Journ\u00e9es de la pers\u00e9v\u00e9rance scolaire:\u00a016 au 20 f\u00e9vrier 2026"},"content":{"rendered":"<p>Du <strong>16 au 20 f\u00e9vrier 2026<\/strong>, les\u00a0<strong>Journ\u00e9es de la pers\u00e9v\u00e9rance scolaire<\/strong>\u00a0invitent toute la communaut\u00e9 \u00e0 c\u00e9l\u00e9brer\u00a0<strong>la pers\u00e9v\u00e9rance comme moteur de r\u00e9ussite<\/strong>, en rappelant que\u00a0<em><strong>la pers\u00e9v\u00e9rance, \u00e7a m\u00e8ne loin<\/strong><\/em>. Derri\u00e8re chaque r\u00e9ussite, il y a du temps, des d\u00e9fis surmont\u00e9s et des efforts constants et parfois, simplement quelqu\u2019un qui croit en nous.<\/p>\n<p>Ces journ\u00e9es sont une belle occasion de\u00a0<strong>soutenir et d\u2019encourager les adultes en formation<\/strong>, en valorisant les gestes qui nourrissent la motivation, la confiance et la progression.<\/p>\n<ul>\n<li><strong><a href=\"https:\/\/www.journeesperseverancescolaire.com\/fr\/webinaires\">Des Webbinaires inspirants ici<\/a><\/strong><\/li>\n<li><strong><a href=\"https:\/\/www.journeesperseverancescolaire.com\/fr\/participer\/activites-phares-des-jps\/conference-en-ligne-gratuite-a-chacun-sa-grande-traversee\">Conf\u00e9rence \u00e0 \u00e9couter avec ses \u00e9l\u00e8ves ici<\/a><\/strong><\/li>\n<\/ul>\n<p>Parce que chaque petit pas compte, encourageons ensemble la pers\u00e9v\u00e9rance, pour aujourd\u2019hui et pour l\u2019avenir.<\/p>\n","protected":false},"excerpt":{"rendered":"<p>Du 16 au 20 f\u00e9vrier 2026, les\u00a0Journ\u00e9es de la pers\u00e9v\u00e9rance scolaire\u00a0invitent toute la communaut\u00e9 \u00e0 c\u00e9l\u00e9brer\u00a0la pers\u00e9v\u00e9rance comme moteur de&hellip;<\/p>\n","protected":false},"author":2,"featured_media":10728,"comment_status":"closed","ping_status":"closed","sticky":false,"template":"","format":"standard","meta":{"footnotes":""},"categories":[23,31],"tags":[],"class_list":["post-10727","post","type-post","status-publish","format-standard","has-post-thumbnail","hentry","category-a-la-une","category-bulletin"],"_links":{"self":[{"href":"https:\/\/infocrep.cssdm.gouv.qc.ca\/enseignants\/wp-json\/wp\/v2\/posts\/10727","targetHints":{"allow":["GET"]}}],"collection":[{"href":"https:\/\/infocrep.cssdm.gouv.qc.ca\/enseignants\/wp-json\/wp\/v2\/posts"}],"about":[{"href":"https:\/\/infocrep.cssdm.gouv.qc.ca\/enseignants\/wp-json\/wp\/v2\/types\/post"}],"author":[{"embeddable":true,"href":"https:\/\/infocrep.cssdm.gouv.qc.ca\/enseignants\/wp-json\/wp\/v2\/users\/2"}],"replies":[{"embeddable":true,"href":"https:\/\/infocrep.cssdm.gouv.qc.ca\/enseignants\/wp-json\/wp\/v2\/comments?post=10727"}],"version-history":[{"count":1,"href":"https:\/\/infocrep.cssdm.gouv.qc.ca\/enseignants\/wp-json\/wp\/v2\/posts\/10727\/revisions"}],"predecessor-version":[{"id":10729,"href":"https:\/\/infocrep.cssdm.gouv.qc.ca\/enseignants\/wp-json\/wp\/v2\/posts\/10727\/revisions\/10729"}],"wp:featuredmedia":[{"embeddable":true,"href":"https:\/\/infocrep.cssdm.gouv.qc.ca\/enseignants\/wp-json\/wp\/v2\/media\/10728"}],"wp:attachment":[{"href":"https:\/\/infocrep.cssdm.gouv.qc.ca\/enseignants\/wp-json\/wp\/v2\/media?parent=10727"}],"wp:term":[{"taxonomy":"category","embeddable":true,"href":"https:\/\/infocrep.cssdm.gouv.qc.ca\/enseignants\/wp-json\/wp\/v2\/categories?post=10727"},{"taxonomy":"post_tag","embeddable":true,"href":"https:\/\/infocrep.cssdm.gouv.qc.ca\/enseignants\/wp-json\/wp\/v2\/tags?post=10727"}],"curies":[{"name":"wp","href":"https:\/\/api.w.org\/{rel}","templated":true}]}}