{"id":10679,"date":"2026-01-14T11:34:51","date_gmt":"2026-01-14T16:34:51","guid":{"rendered":"https:\/\/infocrep.cssdm.gouv.qc.ca\/enseignants\/?p=10679"},"modified":"2026-01-14T11:34:51","modified_gmt":"2026-01-14T16:34:51","slug":"consultation-annuelle-sur-les-ressources-educatives-numeriques","status":"publish","type":"post","link":"https:\/\/infocrep.cssdm.gouv.qc.ca\/enseignants\/consultation-annuelle-sur-les-ressources-educatives-numeriques\/","title":{"rendered":"Consultation annuelle sur les ressources \u00e9ducatives num\u00e9riques\u00a0"},"content":{"rendered":"<p>Les Services \u00e9ducatifs amorcent une consultation sur l\u2019utilisation des ressources \u00e9ducatives num\u00e9riques conform\u00e9ment \u00e0 la convention collective. Voici le mode de consultation retenu en CPEPE\u202f:<\/p>\n<ul>\n<li>R\u00e9ponse individuelle\u202f: Chaque membre du personnel enseignant remplit le sondage et envoie sa propre r\u00e9ponse.<\/li>\n<\/ul>\n<p><strong><a href=\"https:\/\/forms.office.com\/r\/JS0P5H3w5h\">Vous avez jusqu\u2019au 27 f\u00e9vrier\u00a0pour r\u00e9pondre au sondage ICI.\u00a0<\/a><\/strong><\/p>\n","protected":false},"excerpt":{"rendered":"<p>Les Services \u00e9ducatifs amorcent une consultation sur l\u2019utilisation des ressources \u00e9ducatives num\u00e9riques conform\u00e9ment \u00e0 la convention collective. Voici le mode&hellip;<\/p>\n","protected":false},"author":2,"featured_media":10680,"comment_status":"closed","ping_status":"closed","sticky":false,"template":"","format":"standard","meta":{"footnotes":""},"categories":[23,31],"tags":[],"class_list":["post-10679","post","type-post","status-publish","format-standard","has-post-thumbnail","hentry","category-a-la-une","category-bulletin"],"_links":{"self":[{"href":"https:\/\/infocrep.cssdm.gouv.qc.ca\/enseignants\/wp-json\/wp\/v2\/posts\/10679","targetHints":{"allow":["GET"]}}],"collection":[{"href":"https:\/\/infocrep.cssdm.gouv.qc.ca\/enseignants\/wp-json\/wp\/v2\/posts"}],"about":[{"href":"https:\/\/infocrep.cssdm.gouv.qc.ca\/enseignants\/wp-json\/wp\/v2\/types\/post"}],"author":[{"embeddable":true,"href":"https:\/\/infocrep.cssdm.gouv.qc.ca\/enseignants\/wp-json\/wp\/v2\/users\/2"}],"replies":[{"embeddable":true,"href":"https:\/\/infocrep.cssdm.gouv.qc.ca\/enseignants\/wp-json\/wp\/v2\/comments?post=10679"}],"version-history":[{"count":1,"href":"https:\/\/infocrep.cssdm.gouv.qc.ca\/enseignants\/wp-json\/wp\/v2\/posts\/10679\/revisions"}],"predecessor-version":[{"id":10681,"href":"https:\/\/infocrep.cssdm.gouv.qc.ca\/enseignants\/wp-json\/wp\/v2\/posts\/10679\/revisions\/10681"}],"wp:featuredmedia":[{"embeddable":true,"href":"https:\/\/infocrep.cssdm.gouv.qc.ca\/enseignants\/wp-json\/wp\/v2\/media\/10680"}],"wp:attachment":[{"href":"https:\/\/infocrep.cssdm.gouv.qc.ca\/enseignants\/wp-json\/wp\/v2\/media?parent=10679"}],"wp:term":[{"taxonomy":"category","embeddable":true,"href":"https:\/\/infocrep.cssdm.gouv.qc.ca\/enseignants\/wp-json\/wp\/v2\/categories?post=10679"},{"taxonomy":"post_tag","embeddable":true,"href":"https:\/\/infocrep.cssdm.gouv.qc.ca\/enseignants\/wp-json\/wp\/v2\/tags?post=10679"}],"curies":[{"name":"wp","href":"https:\/\/api.w.org\/{rel}","templated":true}]}}