{"id":10613,"date":"2025-11-21T12:11:09","date_gmt":"2025-11-21T17:11:09","guid":{"rendered":"https:\/\/infocrep.cssdm.gouv.qc.ca\/enseignants\/?p=10613"},"modified":"2025-11-21T12:11:09","modified_gmt":"2025-11-21T17:11:09","slug":"retour-de-sandra-emmanuelle-chery-directrice-adjointe-au-crep","status":"publish","type":"post","link":"https:\/\/infocrep.cssdm.gouv.qc.ca\/enseignants\/retour-de-sandra-emmanuelle-chery-directrice-adjointe-au-crep\/","title":{"rendered":"Retour de Sandra-Emmanuelle Ch\u00e9ry, directrice adjointe au CREP\u00a0"},"content":{"rendered":"<p>Nous souhaitons informer l\u2019ensemble du personnel que, les centres de services scolaires peuvent \u00e0 nouveau combler leurs postes vacants, cela signifie que certaines directions adjointes d\u00e9ploy\u00e9es temporairement dans des \u00e9tablissements \u00e0 besoins prioritaires retournent \u00e0 leur poste d\u2019origine.<\/p>\n<p>Dans ce contexte, Madame Sandra-Emmanuelle Ch\u00e9ry r\u00e9int\u00e9grera ses fonctions de directrice adjointe au CREP d\u00e8s la premi\u00e8re\u00a0semaine de d\u00e9cembre. Son retour entra\u00eenera un r\u00e9ajustement de la r\u00e9partition des dossiers et des responsabilit\u00e9s au sein de l\u2019\u00e9quipe de direction. Ainsi, certains enseignants pourraient \u00eatre amen\u00e9s \u00e0 collaborer avec Mme Ch\u00e9ry, selon la r\u00e9partition des dossiers et organismes.<\/p>\n<p>Ces ajustements permettront d\u2019assurer une r\u00e9partition \u00e9quilibr\u00e9e des responsabilit\u00e9s en fonction des mandats de chacune au sein de la direction.<\/p>\n<p>Nous sommes heureux de pouvoir compter sur l\u2019expertise de Mme Ch\u00e9ry et vous remercions pour votre collaboration habituelle dans cette transition.<\/p>\n","protected":false},"excerpt":{"rendered":"<p>Nous souhaitons informer l\u2019ensemble du personnel que, les centres de services scolaires peuvent \u00e0 nouveau combler leurs postes vacants, cela&hellip;<\/p>\n","protected":false},"author":2,"featured_media":10614,"comment_status":"closed","ping_status":"closed","sticky":false,"template":"","format":"standard","meta":{"footnotes":""},"categories":[23,31],"tags":[],"class_list":["post-10613","post","type-post","status-publish","format-standard","has-post-thumbnail","hentry","category-a-la-une","category-bulletin"],"_links":{"self":[{"href":"https:\/\/infocrep.cssdm.gouv.qc.ca\/enseignants\/wp-json\/wp\/v2\/posts\/10613","targetHints":{"allow":["GET"]}}],"collection":[{"href":"https:\/\/infocrep.cssdm.gouv.qc.ca\/enseignants\/wp-json\/wp\/v2\/posts"}],"about":[{"href":"https:\/\/infocrep.cssdm.gouv.qc.ca\/enseignants\/wp-json\/wp\/v2\/types\/post"}],"author":[{"embeddable":true,"href":"https:\/\/infocrep.cssdm.gouv.qc.ca\/enseignants\/wp-json\/wp\/v2\/users\/2"}],"replies":[{"embeddable":true,"href":"https:\/\/infocrep.cssdm.gouv.qc.ca\/enseignants\/wp-json\/wp\/v2\/comments?post=10613"}],"version-history":[{"count":1,"href":"https:\/\/infocrep.cssdm.gouv.qc.ca\/enseignants\/wp-json\/wp\/v2\/posts\/10613\/revisions"}],"predecessor-version":[{"id":10615,"href":"https:\/\/infocrep.cssdm.gouv.qc.ca\/enseignants\/wp-json\/wp\/v2\/posts\/10613\/revisions\/10615"}],"wp:featuredmedia":[{"embeddable":true,"href":"https:\/\/infocrep.cssdm.gouv.qc.ca\/enseignants\/wp-json\/wp\/v2\/media\/10614"}],"wp:attachment":[{"href":"https:\/\/infocrep.cssdm.gouv.qc.ca\/enseignants\/wp-json\/wp\/v2\/media?parent=10613"}],"wp:term":[{"taxonomy":"category","embeddable":true,"href":"https:\/\/infocrep.cssdm.gouv.qc.ca\/enseignants\/wp-json\/wp\/v2\/categories?post=10613"},{"taxonomy":"post_tag","embeddable":true,"href":"https:\/\/infocrep.cssdm.gouv.qc.ca\/enseignants\/wp-json\/wp\/v2\/tags?post=10613"}],"curies":[{"name":"wp","href":"https:\/\/api.w.org\/{rel}","templated":true}]}}