{"id":10578,"date":"2025-11-14T12:02:15","date_gmt":"2025-11-14T17:02:15","guid":{"rendered":"https:\/\/infocrep.cssdm.gouv.qc.ca\/enseignants\/?p=10578"},"modified":"2025-11-14T12:02:15","modified_gmt":"2025-11-14T17:02:15","slug":"reservez-la-date-du-4-decembre-marche-de-noel-du-crep-2025","status":"publish","type":"post","link":"https:\/\/infocrep.cssdm.gouv.qc.ca\/enseignants\/reservez-la-date-du-4-decembre-marche-de-noel-du-crep-2025\/","title":{"rendered":"R\u00e9servez la date du 4 d\u00e9cembre : March\u00e9 de No\u00ebl du CREP 2025"},"content":{"rendered":"<p>Le\u00a0<strong>March\u00e9 de No\u00ebl du CREP \u00c9dition 2025<\/strong>\u00a0approche \u00e0 grands pas !<br \/>\nNous vous invitons \u00e0\u00a0<strong>r\u00e9server d\u00e8s maintenant votre journ\u00e9e du jeudi 4 d\u00e9cembre<\/strong>\u00a0pour venir encourager nos \u00e9l\u00e8ves artisans et d\u00e9couvrir leurs magnifiques cr\u00e9ations avec votre groupe d\u2019\u00e9l\u00e8ves.<\/p>\n<p><strong>Jeudi 4 d\u00e9cembre 2025<\/strong><br \/>\nDe 10 h \u00e0 16 h 30<br \/>\n<strong>Casa d\u2019Italia<\/strong>, 505 Jean-Talon Est (station Jean-Talon)<br \/>\n<em>Accessible aux personnes \u00e0 mobilit\u00e9 r\u00e9duite<\/em><\/p>\n<p><strong>Important :<\/strong>\u00a0pr\u00e9voyez de l\u2019<strong>argent comptant<\/strong>\u00a0pour vos achats.<br \/>\nAidez-nous \u00e0 faire rayonner cette belle activit\u00e9 !<\/p>\n<ul>\n<li><strong><a href=\"https:\/\/infocrep.cssdm.gouv.qc.ca\/wp-content\/uploads\/securepdfs\/2025\/11\/Affiche-Marche-de-Noel-CREP-25.pdf\">T\u00e9l\u00e9charger l\u2019affiche promotionnelle ICI<\/a><\/strong><\/li>\n<li><strong><a href=\"https:\/\/infocrep.cssdm.gouv.qc.ca\/wp-content\/uploads\/securepdfs\/2025\/11\/Signet-Marche-de-Noel-CREP-25.pdf\">T\u00e9l\u00e9charger les signets promotionnels ICI<\/a><\/strong><\/li>\n<li><strong><a href=\"https:\/\/infocrep.cssdm.gouv.qc.ca\/wp-content\/uploads\/2025\/11\/Banniere-FB-Marche-de-Noel-CREP-25.png\">T\u00e9l\u00e9charger la banni\u00e8re Facebook ICI<\/a><\/strong><\/li>\n<\/ul>\n<p>Ensemble, faisons de cette \u00e9dition 2025 un march\u00e9 encore plus inspirant et festif !<br \/>\n<strong><a href=\"https:\/\/www.facebook.com\/events\/4178321589092588\/?acontext=%7B%22event_action_history%22%3A%5b%7B%22extra_data%22%3A%22%22%2C%22mechanism%22%3A%22unknown%22%2C%22surface%22%3A%22user_timeline%22%7D%2C%7B%22extra_data%22%3A%22%22%2C%22mechanism%22%3A%22attachment%22%2C%22surface%22%3A%22newsfeed%22%7D%2C%7B%22extra_data%22%3A%22%22%2C%22mechanism%22%3A%22your_upcoming_events_unit%22%2C%22surface%22%3A%22bookmark%22%7D%5d%2C%22ref_notif_type%22%3Anull%7D\">Inscrivez-vous \u00e0 notre \u00e9v\u00e9nement Facebook ici pour soutenir le rayonnement de notre March\u00e9.<\/a><\/strong><strong>\u00a0<\/strong><\/p>\n<p>Au plaisir de vous y voir nombreux!<\/p>\n","protected":false},"excerpt":{"rendered":"<p>Le\u00a0March\u00e9 de No\u00ebl du CREP \u00c9dition 2025\u00a0approche \u00e0 grands pas ! Nous vous invitons \u00e0\u00a0r\u00e9server d\u00e8s maintenant votre journ\u00e9e du&hellip;<\/p>\n","protected":false},"author":2,"featured_media":10579,"comment_status":"closed","ping_status":"closed","sticky":false,"template":"","format":"standard","meta":{"footnotes":""},"categories":[23,31],"tags":[],"class_list":["post-10578","post","type-post","status-publish","format-standard","has-post-thumbnail","hentry","category-a-la-une","category-bulletin"],"_links":{"self":[{"href":"https:\/\/infocrep.cssdm.gouv.qc.ca\/enseignants\/wp-json\/wp\/v2\/posts\/10578","targetHints":{"allow":["GET"]}}],"collection":[{"href":"https:\/\/infocrep.cssdm.gouv.qc.ca\/enseignants\/wp-json\/wp\/v2\/posts"}],"about":[{"href":"https:\/\/infocrep.cssdm.gouv.qc.ca\/enseignants\/wp-json\/wp\/v2\/types\/post"}],"author":[{"embeddable":true,"href":"https:\/\/infocrep.cssdm.gouv.qc.ca\/enseignants\/wp-json\/wp\/v2\/users\/2"}],"replies":[{"embeddable":true,"href":"https:\/\/infocrep.cssdm.gouv.qc.ca\/enseignants\/wp-json\/wp\/v2\/comments?post=10578"}],"version-history":[{"count":1,"href":"https:\/\/infocrep.cssdm.gouv.qc.ca\/enseignants\/wp-json\/wp\/v2\/posts\/10578\/revisions"}],"predecessor-version":[{"id":10580,"href":"https:\/\/infocrep.cssdm.gouv.qc.ca\/enseignants\/wp-json\/wp\/v2\/posts\/10578\/revisions\/10580"}],"wp:featuredmedia":[{"embeddable":true,"href":"https:\/\/infocrep.cssdm.gouv.qc.ca\/enseignants\/wp-json\/wp\/v2\/media\/10579"}],"wp:attachment":[{"href":"https:\/\/infocrep.cssdm.gouv.qc.ca\/enseignants\/wp-json\/wp\/v2\/media?parent=10578"}],"wp:term":[{"taxonomy":"category","embeddable":true,"href":"https:\/\/infocrep.cssdm.gouv.qc.ca\/enseignants\/wp-json\/wp\/v2\/categories?post=10578"},{"taxonomy":"post_tag","embeddable":true,"href":"https:\/\/infocrep.cssdm.gouv.qc.ca\/enseignants\/wp-json\/wp\/v2\/tags?post=10578"}],"curies":[{"name":"wp","href":"https:\/\/api.w.org\/{rel}","templated":true}]}}