{"id":10510,"date":"2025-10-20T10:04:02","date_gmt":"2025-10-20T14:04:02","guid":{"rendered":"https:\/\/infocrep.cssdm.gouv.qc.ca\/enseignants\/?p=10510"},"modified":"2025-10-20T10:04:02","modified_gmt":"2025-10-20T14:04:02","slug":"semaine-des-directions-directions-adjointes-et-gestionnaires-administratifs-detablissement","status":"publish","type":"post","link":"https:\/\/infocrep.cssdm.gouv.qc.ca\/enseignants\/semaine-des-directions-directions-adjointes-et-gestionnaires-administratifs-detablissement\/","title":{"rendered":"SEMAINE DES DIRECTIONS, DIRECTIONS ADJOINTES ET GESTIONNAIRES ADMINISTRATIFS D\u2019\u00c9TABLISSEMENT"},"content":{"rendered":"<h3 data-start=\"46\" data-end=\"80\">19 AU 25 OCTOBRE<\/h3>\n<h3 data-start=\"46\" data-end=\"80\">VOUS \u00caTES DE CHAQUE R\u00c9USSITE !<\/h3>\n<p data-start=\"82\" data-end=\"176\">Le r\u00f4le essentiel que vous jouez chaque jour dans nos \u00e9coles et centres transforme des vies.<\/p>\n<p data-start=\"178\" data-end=\"353\">Par votre leadership, votre vision et votre savoir-\u00eatre, vous cr\u00e9ez des milieux accueillants et stimulants o\u00f9 les \u00e9l\u00e8ves peuvent s\u2019\u00e9panouir et r\u00e9aliser leur plein potentiel.<\/p>\n<p data-start=\"355\" data-end=\"520\">Vos initiatives et projets mobilisent les \u00e9quipes, soutiennent la pers\u00e9v\u00e9rance scolaire et multiplient les opportunit\u00e9s et les chances de r\u00e9ussite pour les \u00e9l\u00e8ves.<\/p>\n","protected":false},"excerpt":{"rendered":"<p>19 AU 25 OCTOBRE VOUS \u00caTES DE CHAQUE R\u00c9USSITE ! Le r\u00f4le essentiel que vous jouez chaque jour dans nos&hellip;<\/p>\n","protected":false},"author":2,"featured_media":10511,"comment_status":"closed","ping_status":"closed","sticky":false,"template":"","format":"standard","meta":{"footnotes":""},"categories":[23,33],"tags":[],"class_list":["post-10510","post","type-post","status-publish","format-standard","has-post-thumbnail","hentry","category-a-la-une","category-communique"],"_links":{"self":[{"href":"https:\/\/infocrep.cssdm.gouv.qc.ca\/enseignants\/wp-json\/wp\/v2\/posts\/10510","targetHints":{"allow":["GET"]}}],"collection":[{"href":"https:\/\/infocrep.cssdm.gouv.qc.ca\/enseignants\/wp-json\/wp\/v2\/posts"}],"about":[{"href":"https:\/\/infocrep.cssdm.gouv.qc.ca\/enseignants\/wp-json\/wp\/v2\/types\/post"}],"author":[{"embeddable":true,"href":"https:\/\/infocrep.cssdm.gouv.qc.ca\/enseignants\/wp-json\/wp\/v2\/users\/2"}],"replies":[{"embeddable":true,"href":"https:\/\/infocrep.cssdm.gouv.qc.ca\/enseignants\/wp-json\/wp\/v2\/comments?post=10510"}],"version-history":[{"count":1,"href":"https:\/\/infocrep.cssdm.gouv.qc.ca\/enseignants\/wp-json\/wp\/v2\/posts\/10510\/revisions"}],"predecessor-version":[{"id":10512,"href":"https:\/\/infocrep.cssdm.gouv.qc.ca\/enseignants\/wp-json\/wp\/v2\/posts\/10510\/revisions\/10512"}],"wp:featuredmedia":[{"embeddable":true,"href":"https:\/\/infocrep.cssdm.gouv.qc.ca\/enseignants\/wp-json\/wp\/v2\/media\/10511"}],"wp:attachment":[{"href":"https:\/\/infocrep.cssdm.gouv.qc.ca\/enseignants\/wp-json\/wp\/v2\/media?parent=10510"}],"wp:term":[{"taxonomy":"category","embeddable":true,"href":"https:\/\/infocrep.cssdm.gouv.qc.ca\/enseignants\/wp-json\/wp\/v2\/categories?post=10510"},{"taxonomy":"post_tag","embeddable":true,"href":"https:\/\/infocrep.cssdm.gouv.qc.ca\/enseignants\/wp-json\/wp\/v2\/tags?post=10510"}],"curies":[{"name":"wp","href":"https:\/\/api.w.org\/{rel}","templated":true}]}}