{"id":10489,"date":"2025-10-17T11:06:39","date_gmt":"2025-10-17T15:06:39","guid":{"rendered":"https:\/\/infocrep.cssdm.gouv.qc.ca\/enseignants\/?p=10489"},"modified":"2025-10-17T11:06:39","modified_gmt":"2025-10-17T15:06:39","slug":"salon-de-limmigration-et-de-lintegration-au-quebec","status":"publish","type":"post","link":"https:\/\/infocrep.cssdm.gouv.qc.ca\/enseignants\/salon-de-limmigration-et-de-lintegration-au-quebec\/","title":{"rendered":"Salon de l&rsquo;immigration et de l&rsquo;int\u00e9gration au Qu\u00e9bec"},"content":{"rendered":"<h2><strong>29 et 30 octobre 2025<\/strong><\/h2>\n<p>Le<strong>\u00a0Salon de l&rsquo;immigration et de l&rsquo;int\u00e9gration au Qu\u00e9bec<\/strong>\u00a0est <em>le seul \u00e9v\u00e9nement grand public 100% gratuit<\/em> enti\u00e8rement destin\u00e9 aux personnes immigrantes. Il regroupe toutes les opportunit\u00e9s et les services qui leurs sont utiles pour bien s&rsquo;int\u00e9grer au Qu\u00e9bec et accueille pr\u00e8s de 10 000 visiteurs chaque \u00e9dition.<\/p>\n<p>Profitez de cet \u00e9v\u00e9nement pour faire une sortie avec votre classe. Une belle opportunit\u00e9 de <strong>rencontrer des organismes qui pourront les aider dans leur parcours d&rsquo;int\u00e9gration<\/strong>. L&rsquo;occasion pour eux \u00e9galement de <strong>pratiquer et de communiquer en fran\u00e7ais !<\/strong><\/p>\n<p>\ud83d\udc49 <strong><u>Aucune inscription individuelle ni billet n\u2019est requis<\/u><\/strong><strong>.<\/strong><\/p>\n<h3><strong><a href=\"https:\/\/salonimmigration.com\/classe-de-francisation\/\" target=\"_blank\" rel=\"noopener\">Inscrire votre groupe ici.<\/a><\/strong><\/h3>\n<p>Une fois votre inscription faite, veuillez simplement vous pr\u00e9senter avec votre classe \u00e0 <strong>l\u2019accueil principal le jour de votre visite. V<\/strong>ous serez dirig\u00e9 vers <strong>l\u2019accueil d\u00e9di\u00e9 aux centres de francisation<\/strong>.<\/p>\n<p>Notre \u00e9quipe y sera pour vous accueillir et faciliter l\u2019entr\u00e9e de votre groupe.<\/p>\n<p>\ud83d\udcc6 <u>Date<\/u> : <strong>Mercredi 29 et Jeudi 30 octobre 2025<\/strong><\/p>\n<p>\u23f1\ufe0f <u>Heure<\/u> : <strong>De 11 h 00 \u00e0 19 h 00<\/strong> le 29 oct. et <strong>de 10 h 00 \u00e0 17 h 00<\/strong> le 30 oct.<\/p>\n<p>\ud83d\udccd <strong>Palais des congr\u00e9s de Montr\u00e9al<\/strong>,\u00a01001, Place Jean-Paul-Riopelle \u2013 Montr\u00e9al, \u00a0H2Z 1H5<\/p>\n<p>\u24c2\ufe0f Station Place-d\u2019Armes (ligne orange)<\/p>\n","protected":false},"excerpt":{"rendered":"<p>29 et 30 octobre 2025 Le\u00a0Salon de l&rsquo;immigration et de l&rsquo;int\u00e9gration au Qu\u00e9bec\u00a0est le seul \u00e9v\u00e9nement grand public 100% gratuit&hellip;<\/p>\n","protected":false},"author":2,"featured_media":10490,"comment_status":"closed","ping_status":"closed","sticky":false,"template":"","format":"standard","meta":{"footnotes":""},"categories":[23,33],"tags":[],"class_list":["post-10489","post","type-post","status-publish","format-standard","has-post-thumbnail","hentry","category-a-la-une","category-communique"],"_links":{"self":[{"href":"https:\/\/infocrep.cssdm.gouv.qc.ca\/enseignants\/wp-json\/wp\/v2\/posts\/10489","targetHints":{"allow":["GET"]}}],"collection":[{"href":"https:\/\/infocrep.cssdm.gouv.qc.ca\/enseignants\/wp-json\/wp\/v2\/posts"}],"about":[{"href":"https:\/\/infocrep.cssdm.gouv.qc.ca\/enseignants\/wp-json\/wp\/v2\/types\/post"}],"author":[{"embeddable":true,"href":"https:\/\/infocrep.cssdm.gouv.qc.ca\/enseignants\/wp-json\/wp\/v2\/users\/2"}],"replies":[{"embeddable":true,"href":"https:\/\/infocrep.cssdm.gouv.qc.ca\/enseignants\/wp-json\/wp\/v2\/comments?post=10489"}],"version-history":[{"count":1,"href":"https:\/\/infocrep.cssdm.gouv.qc.ca\/enseignants\/wp-json\/wp\/v2\/posts\/10489\/revisions"}],"predecessor-version":[{"id":10491,"href":"https:\/\/infocrep.cssdm.gouv.qc.ca\/enseignants\/wp-json\/wp\/v2\/posts\/10489\/revisions\/10491"}],"wp:featuredmedia":[{"embeddable":true,"href":"https:\/\/infocrep.cssdm.gouv.qc.ca\/enseignants\/wp-json\/wp\/v2\/media\/10490"}],"wp:attachment":[{"href":"https:\/\/infocrep.cssdm.gouv.qc.ca\/enseignants\/wp-json\/wp\/v2\/media?parent=10489"}],"wp:term":[{"taxonomy":"category","embeddable":true,"href":"https:\/\/infocrep.cssdm.gouv.qc.ca\/enseignants\/wp-json\/wp\/v2\/categories?post=10489"},{"taxonomy":"post_tag","embeddable":true,"href":"https:\/\/infocrep.cssdm.gouv.qc.ca\/enseignants\/wp-json\/wp\/v2\/tags?post=10489"}],"curies":[{"name":"wp","href":"https:\/\/api.w.org\/{rel}","templated":true}]}}