{"id":10331,"date":"2025-09-17T10:50:27","date_gmt":"2025-09-17T14:50:27","guid":{"rendered":"https:\/\/infocrep.cssdm.gouv.qc.ca\/enseignants\/?p=10331"},"modified":"2025-09-17T10:50:27","modified_gmt":"2025-09-17T14:50:27","slug":"educaloi-des-ateliers-deducation-juridique-pour-nos-eleves","status":"publish","type":"post","link":"https:\/\/infocrep.cssdm.gouv.qc.ca\/enseignants\/educaloi-des-ateliers-deducation-juridique-pour-nos-eleves\/","title":{"rendered":"\u00c9ducaloi\u00a0: des ateliers d\u2019\u00e9ducation juridique pour nos \u00e9l\u00e8ves"},"content":{"rendered":"<p>L\u2019\u00e9ducation juridique, c\u2019est pour tout le monde! <strong>\u00c9ducaloi<\/strong>\u00a0offre des\u00a0<strong>ateliers gratuits<\/strong>\u00a0d\u2019\u00e9ducation juridique, anim\u00e9s par des juristes, pour les adultes en organisme. Allez y jeter un \u0153il!<\/p>\n<p>Demande en ligne :\u00a0<span style=\"color: #008080;\"><strong><a style=\"color: #008080;\" href=\"https:\/\/www.educationjuridique.ca\/fr\/intervenant\/demande\/\">https:\/\/www.educationjuridique.ca\/fr\/intervenant\/demande\/<\/a><\/strong><\/span><\/p>\n","protected":false},"excerpt":{"rendered":"<p>L\u2019\u00e9ducation juridique, c\u2019est pour tout le monde! \u00c9ducaloi\u00a0offre des\u00a0ateliers gratuits\u00a0d\u2019\u00e9ducation juridique, anim\u00e9s par des juristes, pour les adultes en organisme.&hellip;<\/p>\n","protected":false},"author":2,"featured_media":10332,"comment_status":"closed","ping_status":"closed","sticky":false,"template":"","format":"standard","meta":{"footnotes":""},"categories":[23,31],"tags":[],"class_list":["post-10331","post","type-post","status-publish","format-standard","has-post-thumbnail","hentry","category-a-la-une","category-bulletin"],"_links":{"self":[{"href":"https:\/\/infocrep.cssdm.gouv.qc.ca\/enseignants\/wp-json\/wp\/v2\/posts\/10331","targetHints":{"allow":["GET"]}}],"collection":[{"href":"https:\/\/infocrep.cssdm.gouv.qc.ca\/enseignants\/wp-json\/wp\/v2\/posts"}],"about":[{"href":"https:\/\/infocrep.cssdm.gouv.qc.ca\/enseignants\/wp-json\/wp\/v2\/types\/post"}],"author":[{"embeddable":true,"href":"https:\/\/infocrep.cssdm.gouv.qc.ca\/enseignants\/wp-json\/wp\/v2\/users\/2"}],"replies":[{"embeddable":true,"href":"https:\/\/infocrep.cssdm.gouv.qc.ca\/enseignants\/wp-json\/wp\/v2\/comments?post=10331"}],"version-history":[{"count":1,"href":"https:\/\/infocrep.cssdm.gouv.qc.ca\/enseignants\/wp-json\/wp\/v2\/posts\/10331\/revisions"}],"predecessor-version":[{"id":10333,"href":"https:\/\/infocrep.cssdm.gouv.qc.ca\/enseignants\/wp-json\/wp\/v2\/posts\/10331\/revisions\/10333"}],"wp:featuredmedia":[{"embeddable":true,"href":"https:\/\/infocrep.cssdm.gouv.qc.ca\/enseignants\/wp-json\/wp\/v2\/media\/10332"}],"wp:attachment":[{"href":"https:\/\/infocrep.cssdm.gouv.qc.ca\/enseignants\/wp-json\/wp\/v2\/media?parent=10331"}],"wp:term":[{"taxonomy":"category","embeddable":true,"href":"https:\/\/infocrep.cssdm.gouv.qc.ca\/enseignants\/wp-json\/wp\/v2\/categories?post=10331"},{"taxonomy":"post_tag","embeddable":true,"href":"https:\/\/infocrep.cssdm.gouv.qc.ca\/enseignants\/wp-json\/wp\/v2\/tags?post=10331"}],"curies":[{"name":"wp","href":"https:\/\/api.w.org\/{rel}","templated":true}]}}