{"id":2066,"date":"2022-07-14T11:33:22","date_gmt":"2022-07-14T15:33:22","guid":{"rendered":"https:\/\/infocrep.cssdm.gouv.qc.ca\/enigma\/?p=2066"},"modified":"2022-07-14T11:33:52","modified_gmt":"2022-07-14T15:33:52","slug":"la-remuneration-dun-enseignant","status":"publish","type":"post","link":"https:\/\/infocrep.cssdm.gouv.qc.ca\/enigma\/2022\/07\/14\/la-remuneration-dun-enseignant\/","title":{"rendered":"La r\u00e9mun\u00e9ration d\u2019un enseignant"},"content":{"rendered":"<p><strong>R\u00e9mun\u00e9ration des enseignants permanents et contractuels \u00e0 temps partiel<\/strong><\/p>\n<p>La r\u00e9mun\u00e9ration des enseignants et des professionnels permanents et contractuels \u00e0 temps partiel est g\u00e9r\u00e9e centralement par le service de la paie du CSSDM. Les conditions de r\u00e9mun\u00e9ration sont \u00e9tablies par l\u2019employeur conform\u00e9ment aux conventions collectives.<\/p>\n<p>&nbsp;<\/p>\n<p><strong>R\u00e9mun\u00e9ration des enseignants \u00e0 taux horaire lors des r\u00e9unions d&rsquo;\u00e9quipe<\/strong><\/p>\n<p>La r\u00e9mun\u00e9ration des enseignants \u00e0 taux horaire est g\u00e9r\u00e9e localement par le CREP. Les conditions de r\u00e9mun\u00e9ration sont \u00e9tablies par l\u2019employeur conform\u00e9ment aux conventions collectives.<\/p>\n<p>Pour tous les enseignants \u00e0 taux horaire, les conditions de participation \u00e0 une r\u00e9union, un perfectionnement ou une journ\u00e9e p\u00e9dagogique seront toujours pr\u00e9cis\u00e9es avant la tenue de telles activit\u00e9s par voie de communiqu\u00e9 (courriel) ou dans le calendrier des rencontres et formations au CREP disponible sur le portail dans la section des boutons d&rsquo;acc\u00e8s rapide. En cliquant sur une activit\u00e9, rencontre ou formation dans le calendrier, vous y retrouverez tous les d\u00e9tails.<\/p>\n<p>Cliquez sur ce lien pour acc\u00e9der au calendrier sur le portail du CREP:<\/p>\n<ul>\n<li><a href=\"https:\/\/infocrep.cssdm.gouv.qc.ca\/enseignants\/events\/mois\/\" target=\"_blank\" rel=\"noopener\"><strong><span style=\"color: #008080;\">https:\/\/infocrep.cssdm.gouv.qc.ca\/enseignants\/events\/mois\/<\/span><\/strong><\/a><\/li>\n<\/ul>\n<p>&nbsp;<\/p>\n","protected":false},"excerpt":{"rendered":"<p>R\u00e9mun\u00e9ration des enseignants permanents et contractuels \u00e0 temps partiel La r\u00e9mun\u00e9ration des enseignants et des professionnels permanents et contractuels \u00e0 temps partiel est g\u00e9r\u00e9e centralement par le service de la paie du CSSDM. Les&#46;&#46;&#46;<\/p>\n","protected":false},"author":2,"featured_media":0,"comment_status":"closed","ping_status":"open","sticky":false,"template":"","format":"standard","meta":{"footnotes":""},"categories":[116],"tags":[119,118,120],"class_list":["post-2066","post","type-post","status-publish","format-standard","hentry","category-informations-exclusives-aux-enseignants","tag-enseignants-a-taux-horaire","tag-enseignants-permanents","tag-remuneration-dun-enseignant"],"yoast_head":"<!-- This site is optimized with the Yoast SEO plugin v24.7 - https:\/\/yoast.com\/wordpress\/plugins\/seo\/ -->\r\n<title>La r\u00e9mun\u00e9ration d\u2019un enseignant - Guide CREP<\/title>\r\n<meta name=\"robots\" content=\"noindex, follow, max-snippet:-1, max-image-preview:large, max-video-preview:-1\" \/>\r\n<meta property=\"og:locale\" content=\"fr_FR\" \/>\r\n<meta property=\"og:type\" content=\"article\" \/>\r\n<meta property=\"og:title\" content=\"La r\u00e9mun\u00e9ration d\u2019un enseignant - Guide CREP\" \/>\r\n<meta property=\"og:description\" content=\"R\u00e9mun\u00e9ration des enseignants permanents et contractuels \u00e0 temps partiel La r\u00e9mun\u00e9ration des enseignants et des professionnels permanents et contractuels \u00e0 temps partiel est g\u00e9r\u00e9e centralement par le service de la paie du CSSDM. Les&#046;&#046;&#046;\" \/>\r\n<meta property=\"og:url\" content=\"https:\/\/infocrep.cssdm.gouv.qc.ca\/enigma\/2022\/07\/14\/la-remuneration-dun-enseignant\/\" \/>\r\n<meta property=\"og:site_name\" content=\"Guide CREP\" \/>\r\n<meta property=\"article:published_time\" content=\"2022-07-14T15:33:22+00:00\" \/>\r\n<meta property=\"article:modified_time\" content=\"2022-07-14T15:33:52+00:00\" \/>\r\n<meta name=\"author\" content=\"Anick Gagnon\" \/>\r\n<meta name=\"twitter:card\" content=\"summary_large_image\" \/>\r\n<meta name=\"twitter:label1\" content=\"\u00c9crit par\" \/>\n\t<meta name=\"twitter:data1\" content=\"Anick Gagnon\" \/>\n\t<meta name=\"twitter:label2\" content=\"Dur\u00e9e de lecture estim\u00e9e\" \/>\n\t<meta name=\"twitter:data2\" content=\"1 minute\" \/>\r\n<script type=\"application\/ld+json\" class=\"yoast-schema-graph\">{\"@context\":\"https:\/\/schema.org\",\"@graph\":[{\"@type\":\"Article\",\"@id\":\"https:\/\/infocrep.cssdm.gouv.qc.ca\/enigma\/2022\/07\/14\/la-remuneration-dun-enseignant\/#article\",\"isPartOf\":{\"@id\":\"https:\/\/infocrep.cssdm.gouv.qc.ca\/enigma\/2022\/07\/14\/la-remuneration-dun-enseignant\/\"},\"author\":{\"name\":\"Anick Gagnon\",\"@id\":\"https:\/\/infocrep.cssdm.gouv.qc.ca\/enigma\/#\/schema\/person\/32d4bef5eff46d173044857c5eb91a93\"},\"headline\":\"La r\u00e9mun\u00e9ration d\u2019un enseignant\",\"datePublished\":\"2022-07-14T15:33:22+00:00\",\"dateModified\":\"2022-07-14T15:33:52+00:00\",\"mainEntityOfPage\":{\"@id\":\"https:\/\/infocrep.cssdm.gouv.qc.ca\/enigma\/2022\/07\/14\/la-remuneration-dun-enseignant\/\"},\"wordCount\":208,\"publisher\":{\"@id\":\"https:\/\/infocrep.cssdm.gouv.qc.ca\/enigma\/#organization\"},\"keywords\":[\"Enseignants \u00e0 taux horaire\",\"Enseignants permanents\",\"R\u00e9mun\u00e9ration d\u2019un enseignant\"],\"articleSection\":[\"Informations exclusives aux enseignants\"],\"inLanguage\":\"fr-FR\"},{\"@type\":\"WebPage\",\"@id\":\"https:\/\/infocrep.cssdm.gouv.qc.ca\/enigma\/2022\/07\/14\/la-remuneration-dun-enseignant\/\",\"url\":\"https:\/\/infocrep.cssdm.gouv.qc.ca\/enigma\/2022\/07\/14\/la-remuneration-dun-enseignant\/\",\"name\":\"La r\u00e9mun\u00e9ration d\u2019un enseignant - Guide CREP\",\"isPartOf\":{\"@id\":\"https:\/\/infocrep.cssdm.gouv.qc.ca\/enigma\/#website\"},\"datePublished\":\"2022-07-14T15:33:22+00:00\",\"dateModified\":\"2022-07-14T15:33:52+00:00\",\"breadcrumb\":{\"@id\":\"https:\/\/infocrep.cssdm.gouv.qc.ca\/enigma\/2022\/07\/14\/la-remuneration-dun-enseignant\/#breadcrumb\"},\"inLanguage\":\"fr-FR\",\"potentialAction\":[{\"@type\":\"ReadAction\",\"target\":[\"https:\/\/infocrep.cssdm.gouv.qc.ca\/enigma\/2022\/07\/14\/la-remuneration-dun-enseignant\/\"]}]},{\"@type\":\"BreadcrumbList\",\"@id\":\"https:\/\/infocrep.cssdm.gouv.qc.ca\/enigma\/2022\/07\/14\/la-remuneration-dun-enseignant\/#breadcrumb\",\"itemListElement\":[{\"@type\":\"ListItem\",\"position\":1,\"name\":\"Accueil\",\"item\":\"https:\/\/infocrep.cssdm.gouv.qc.ca\/enigma\/\"},{\"@type\":\"ListItem\",\"position\":2,\"name\":\"La r\u00e9mun\u00e9ration d\u2019un enseignant\"}]},{\"@type\":\"WebSite\",\"@id\":\"https:\/\/infocrep.cssdm.gouv.qc.ca\/enigma\/#website\",\"url\":\"https:\/\/infocrep.cssdm.gouv.qc.ca\/enigma\/\",\"name\":\"Guide CREP\",\"description\":\"Guide du personnel du CREP\",\"publisher\":{\"@id\":\"https:\/\/infocrep.cssdm.gouv.qc.ca\/enigma\/#organization\"},\"potentialAction\":[{\"@type\":\"SearchAction\",\"target\":{\"@type\":\"EntryPoint\",\"urlTemplate\":\"https:\/\/infocrep.cssdm.gouv.qc.ca\/enigma\/?s={search_term_string}\"},\"query-input\":{\"@type\":\"PropertyValueSpecification\",\"valueRequired\":true,\"valueName\":\"search_term_string\"}}],\"inLanguage\":\"fr-FR\"},{\"@type\":\"Organization\",\"@id\":\"https:\/\/infocrep.cssdm.gouv.qc.ca\/enigma\/#organization\",\"name\":\"Guide CREP\",\"url\":\"https:\/\/infocrep.cssdm.gouv.qc.ca\/enigma\/\",\"logo\":{\"@type\":\"ImageObject\",\"inLanguage\":\"fr-FR\",\"@id\":\"https:\/\/infocrep.cssdm.gouv.qc.ca\/enigma\/#\/schema\/logo\/image\/\",\"url\":\"https:\/\/infocrep.cssdm.gouv.qc.ca\/enigma\/wp-content\/uploads\/sites\/5\/2022\/10\/cropped-CREP_logo_BLANC_RGB_L-PETIT.png\",\"contentUrl\":\"https:\/\/infocrep.cssdm.gouv.qc.ca\/enigma\/wp-content\/uploads\/sites\/5\/2022\/10\/cropped-CREP_logo_BLANC_RGB_L-PETIT.png\",\"width\":418,\"height\":148,\"caption\":\"Guide CREP\"},\"image\":{\"@id\":\"https:\/\/infocrep.cssdm.gouv.qc.ca\/enigma\/#\/schema\/logo\/image\/\"}},{\"@type\":\"Person\",\"@id\":\"https:\/\/infocrep.cssdm.gouv.qc.ca\/enigma\/#\/schema\/person\/32d4bef5eff46d173044857c5eb91a93\",\"name\":\"Anick Gagnon\",\"image\":{\"@type\":\"ImageObject\",\"inLanguage\":\"fr-FR\",\"@id\":\"https:\/\/infocrep.cssdm.gouv.qc.ca\/enigma\/#\/schema\/person\/image\/\",\"url\":\"https:\/\/secure.gravatar.com\/avatar\/23d1a1d6fdfb2d73dcd442d99bd7d4eb?s=96&d=mm&r=g\",\"contentUrl\":\"https:\/\/secure.gravatar.com\/avatar\/23d1a1d6fdfb2d73dcd442d99bd7d4eb?s=96&d=mm&r=g\",\"caption\":\"Anick Gagnon\"},\"url\":\"https:\/\/infocrep.cssdm.gouv.qc.ca\/enigma\/author\/gagnon-ani\/\"}]}<\/script>\r\n<!-- \/ Yoast SEO plugin. -->","yoast_head_json":{"title":"La r\u00e9mun\u00e9ration d\u2019un enseignant - Guide CREP","robots":{"index":"noindex","follow":"follow","max-snippet":"max-snippet:-1","max-image-preview":"max-image-preview:large","max-video-preview":"max-video-preview:-1"},"og_locale":"fr_FR","og_type":"article","og_title":"La r\u00e9mun\u00e9ration d\u2019un enseignant - Guide CREP","og_description":"R\u00e9mun\u00e9ration des enseignants permanents et contractuels \u00e0 temps partiel La r\u00e9mun\u00e9ration des enseignants et des professionnels permanents et contractuels \u00e0 temps partiel est g\u00e9r\u00e9e centralement par le service de la paie du CSSDM. Les&#46;&#46;&#46;","og_url":"https:\/\/infocrep.cssdm.gouv.qc.ca\/enigma\/2022\/07\/14\/la-remuneration-dun-enseignant\/","og_site_name":"Guide CREP","article_published_time":"2022-07-14T15:33:22+00:00","article_modified_time":"2022-07-14T15:33:52+00:00","author":"Anick Gagnon","twitter_card":"summary_large_image","twitter_misc":{"\u00c9crit par":"Anick Gagnon","Dur\u00e9e de lecture estim\u00e9e":"1 minute"},"schema":{"@context":"https:\/\/schema.org","@graph":[{"@type":"Article","@id":"https:\/\/infocrep.cssdm.gouv.qc.ca\/enigma\/2022\/07\/14\/la-remuneration-dun-enseignant\/#article","isPartOf":{"@id":"https:\/\/infocrep.cssdm.gouv.qc.ca\/enigma\/2022\/07\/14\/la-remuneration-dun-enseignant\/"},"author":{"name":"Anick Gagnon","@id":"https:\/\/infocrep.cssdm.gouv.qc.ca\/enigma\/#\/schema\/person\/32d4bef5eff46d173044857c5eb91a93"},"headline":"La r\u00e9mun\u00e9ration d\u2019un enseignant","datePublished":"2022-07-14T15:33:22+00:00","dateModified":"2022-07-14T15:33:52+00:00","mainEntityOfPage":{"@id":"https:\/\/infocrep.cssdm.gouv.qc.ca\/enigma\/2022\/07\/14\/la-remuneration-dun-enseignant\/"},"wordCount":208,"publisher":{"@id":"https:\/\/infocrep.cssdm.gouv.qc.ca\/enigma\/#organization"},"keywords":["Enseignants \u00e0 taux horaire","Enseignants permanents","R\u00e9mun\u00e9ration d\u2019un enseignant"],"articleSection":["Informations exclusives aux enseignants"],"inLanguage":"fr-FR"},{"@type":"WebPage","@id":"https:\/\/infocrep.cssdm.gouv.qc.ca\/enigma\/2022\/07\/14\/la-remuneration-dun-enseignant\/","url":"https:\/\/infocrep.cssdm.gouv.qc.ca\/enigma\/2022\/07\/14\/la-remuneration-dun-enseignant\/","name":"La r\u00e9mun\u00e9ration d\u2019un enseignant - Guide CREP","isPartOf":{"@id":"https:\/\/infocrep.cssdm.gouv.qc.ca\/enigma\/#website"},"datePublished":"2022-07-14T15:33:22+00:00","dateModified":"2022-07-14T15:33:52+00:00","breadcrumb":{"@id":"https:\/\/infocrep.cssdm.gouv.qc.ca\/enigma\/2022\/07\/14\/la-remuneration-dun-enseignant\/#breadcrumb"},"inLanguage":"fr-FR","potentialAction":[{"@type":"ReadAction","target":["https:\/\/infocrep.cssdm.gouv.qc.ca\/enigma\/2022\/07\/14\/la-remuneration-dun-enseignant\/"]}]},{"@type":"BreadcrumbList","@id":"https:\/\/infocrep.cssdm.gouv.qc.ca\/enigma\/2022\/07\/14\/la-remuneration-dun-enseignant\/#breadcrumb","itemListElement":[{"@type":"ListItem","position":1,"name":"Accueil","item":"https:\/\/infocrep.cssdm.gouv.qc.ca\/enigma\/"},{"@type":"ListItem","position":2,"name":"La r\u00e9mun\u00e9ration d\u2019un enseignant"}]},{"@type":"WebSite","@id":"https:\/\/infocrep.cssdm.gouv.qc.ca\/enigma\/#website","url":"https:\/\/infocrep.cssdm.gouv.qc.ca\/enigma\/","name":"Guide CREP","description":"Guide du personnel du CREP","publisher":{"@id":"https:\/\/infocrep.cssdm.gouv.qc.ca\/enigma\/#organization"},"potentialAction":[{"@type":"SearchAction","target":{"@type":"EntryPoint","urlTemplate":"https:\/\/infocrep.cssdm.gouv.qc.ca\/enigma\/?s={search_term_string}"},"query-input":{"@type":"PropertyValueSpecification","valueRequired":true,"valueName":"search_term_string"}}],"inLanguage":"fr-FR"},{"@type":"Organization","@id":"https:\/\/infocrep.cssdm.gouv.qc.ca\/enigma\/#organization","name":"Guide CREP","url":"https:\/\/infocrep.cssdm.gouv.qc.ca\/enigma\/","logo":{"@type":"ImageObject","inLanguage":"fr-FR","@id":"https:\/\/infocrep.cssdm.gouv.qc.ca\/enigma\/#\/schema\/logo\/image\/","url":"https:\/\/infocrep.cssdm.gouv.qc.ca\/enigma\/wp-content\/uploads\/sites\/5\/2022\/10\/cropped-CREP_logo_BLANC_RGB_L-PETIT.png","contentUrl":"https:\/\/infocrep.cssdm.gouv.qc.ca\/enigma\/wp-content\/uploads\/sites\/5\/2022\/10\/cropped-CREP_logo_BLANC_RGB_L-PETIT.png","width":418,"height":148,"caption":"Guide CREP"},"image":{"@id":"https:\/\/infocrep.cssdm.gouv.qc.ca\/enigma\/#\/schema\/logo\/image\/"}},{"@type":"Person","@id":"https:\/\/infocrep.cssdm.gouv.qc.ca\/enigma\/#\/schema\/person\/32d4bef5eff46d173044857c5eb91a93","name":"Anick Gagnon","image":{"@type":"ImageObject","inLanguage":"fr-FR","@id":"https:\/\/infocrep.cssdm.gouv.qc.ca\/enigma\/#\/schema\/person\/image\/","url":"https:\/\/secure.gravatar.com\/avatar\/23d1a1d6fdfb2d73dcd442d99bd7d4eb?s=96&d=mm&r=g","contentUrl":"https:\/\/secure.gravatar.com\/avatar\/23d1a1d6fdfb2d73dcd442d99bd7d4eb?s=96&d=mm&r=g","caption":"Anick Gagnon"},"url":"https:\/\/infocrep.cssdm.gouv.qc.ca\/enigma\/author\/gagnon-ani\/"}]}},"_links":{"self":[{"href":"https:\/\/infocrep.cssdm.gouv.qc.ca\/enigma\/wp-json\/wp\/v2\/posts\/2066","targetHints":{"allow":["GET"]}}],"collection":[{"href":"https:\/\/infocrep.cssdm.gouv.qc.ca\/enigma\/wp-json\/wp\/v2\/posts"}],"about":[{"href":"https:\/\/infocrep.cssdm.gouv.qc.ca\/enigma\/wp-json\/wp\/v2\/types\/post"}],"author":[{"embeddable":true,"href":"https:\/\/infocrep.cssdm.gouv.qc.ca\/enigma\/wp-json\/wp\/v2\/users\/2"}],"replies":[{"embeddable":true,"href":"https:\/\/infocrep.cssdm.gouv.qc.ca\/enigma\/wp-json\/wp\/v2\/comments?post=2066"}],"version-history":[{"count":1,"href":"https:\/\/infocrep.cssdm.gouv.qc.ca\/enigma\/wp-json\/wp\/v2\/posts\/2066\/revisions"}],"predecessor-version":[{"id":2067,"href":"https:\/\/infocrep.cssdm.gouv.qc.ca\/enigma\/wp-json\/wp\/v2\/posts\/2066\/revisions\/2067"}],"wp:attachment":[{"href":"https:\/\/infocrep.cssdm.gouv.qc.ca\/enigma\/wp-json\/wp\/v2\/media?parent=2066"}],"wp:term":[{"taxonomy":"category","embeddable":true,"href":"https:\/\/infocrep.cssdm.gouv.qc.ca\/enigma\/wp-json\/wp\/v2\/categories?post=2066"},{"taxonomy":"post_tag","embeddable":true,"href":"https:\/\/infocrep.cssdm.gouv.qc.ca\/enigma\/wp-json\/wp\/v2\/tags?post=2066"}],"curies":[{"name":"wp","href":"https:\/\/api.w.org\/{rel}","templated":true}]}}